{"id":58052,"date":"2021-06-11T14:05:35","date_gmt":"2021-06-11T12:05:35","guid":{"rendered":"https:\/\/ddgro.eu\/?p=58052"},"modified":"2021-06-21T12:47:54","modified_gmt":"2021-06-21T10:47:54","slug":"pose-des-dalles-de-terrasse-sur-stands","status":"publish","type":"post","link":"https:\/\/ddgro.eu\/fr\/blog\/pose-des-dalles-de-terrasse-sur-stands\/","title":{"rendered":"Pas \u00e0 pas pose des dalles de terrasse sur stands"},"content":{"rendered":"\n<p>Syst\u00e8me de terrasse ventil\u00e9e simple - pose des dalles de terrasse sur stands. Instructions sur la fa\u00e7on de proc\u00e9der.<\/p>\n\n\n\n<p>Une terrasse ventil\u00e9e sur supports r\u00e9glables permet de construire une terrasse id\u00e9ale - facile \u00e0 entretenir et simple \u00e0 entretenir, et surtout sans ab\u00eemer l'isolation.<\/p>\n\n\n\n<p>Un tel syst\u00e8me ne nous oblige pas \u00e0 coller les supports sur le support ou, comme dans les solutions traditionnelles, \u00e0 coller des panneaux pour l'imperm\u00e9abilisation.<\/p>\n\n\n\n<p>Aucune de ces choses.<\/p>\n\n\n\n<p>Gr\u00e2ce \u00e0 l'utilisation de plots r\u00e9glables de terrasse, vous pouvez installer rapidement une terrasse ventil\u00e9e.<\/p>\n\n\n\n<h3 class=\"wp-block-heading\">Et cela garantit - vous l'aimerez tout de suite !<\/h3>\n\n\n\n<div class=\"wp-block-image is-style-default\"><figure class=\"aligncenter size-large\"><a href=\"https:\/\/ddgro.eu\/wp-content\/uploads\/2021\/06\/montage-de-terrasse-ventilee-rapidement-et-facilement.jpg\"><img decoding=\"async\" width=\"800\" height=\"513\" src=\"https:\/\/ddgro.eu\/wp-content\/uploads\/2021\/06\/montage-de-terrasse-ventilee-rapidement-et-facilement.jpg\" alt=\"installation simple et rapide d'une terrasse ventil\u00e9e\" class=\"wp-image-58158\" srcset=\"https:\/\/ddgro.eu\/wp-content\/uploads\/2021\/06\/montage-de-terrasse-ventilee-rapidement-et-facilement.jpg 800w, https:\/\/ddgro.eu\/wp-content\/uploads\/2021\/06\/montage-de-terrasse-ventilee-rapidement-et-facilement-300x192.jpg 300w, https:\/\/ddgro.eu\/wp-content\/uploads\/2021\/06\/montage-de-terrasse-ventilee-rapidement-et-facilement-768x492.jpg 768w\" sizes=\"(max-width: 800px) 100vw, 800px\" \/><\/a><\/figure><\/div>\n\n\n\n<h4 class=\"wp-block-heading\">Voici quelques caract\u00e9ristiques de base d'un sol ventil\u00e9 sur plots terrasse - \u00e0 la fois r\u00e9glables et fixes.<\/h4>\n\n\n\n<figure class=\"wp-block-gallery columns-1 is-cropped wp-block-gallery-1 is-layout-flex wp-block-gallery-is-layout-flex\"><ul class=\"blocks-gallery-grid\"><li class=\"blocks-gallery-item\"><figure><a href=\"https:\/\/ddgro.eu\/wp-content\/uploads\/2021\/06\/terrasse-ventilee-installation-et-caracteristiques-proprietes.jpg\"><img decoding=\"async\" width=\"800\" height=\"468\" src=\"https:\/\/ddgro.eu\/wp-content\/uploads\/2021\/06\/terrasse-ventilee-installation-et-caracteristiques-proprietes.jpg\" alt=\"assemblage et caract\u00e9ristiques de la terrasse ventil\u00e9e\" data-id=\"58228\" data-full-url=\"https:\/\/ddgro.eu\/wp-content\/uploads\/2021\/06\/terrasse-ventilee-installation-et-caracteristiques-proprietes.jpg\" data-link=\"https:\/\/ddgro.eu\/fr\/?attachment_id=58228\" class=\"wp-image-58228\" srcset=\"https:\/\/ddgro.eu\/wp-content\/uploads\/2021\/06\/terrasse-ventilee-installation-et-caracteristiques-proprietes.jpg 800w, https:\/\/ddgro.eu\/wp-content\/uploads\/2021\/06\/terrasse-ventilee-installation-et-caracteristiques-proprietes-300x176.jpg 300w, https:\/\/ddgro.eu\/wp-content\/uploads\/2021\/06\/terrasse-ventilee-installation-et-caracteristiques-proprietes-768x449.jpg 768w\" sizes=\"(max-width: 800px) 100vw, 800px\" \/><\/a><\/figure><\/li><\/ul><\/figure>\n\n\n\n<ul><li>il ne reste pas d'eau \u00e0 la surface<\/li><li>Il ne g\u00e8le pas non plus les couches suivantes et ne fait pas \u00e9clater le sol de l'int\u00e9rieur<\/li><li>nous n'endommageons pas l'\u00e9tanch\u00e9it\u00e9<\/li><li>nous avons besoin d'un minimum d'outils et de mat\u00e9riaux pour l'assemblage<\/li><li>construction tr\u00e8s l\u00e9g\u00e8re<\/li><li>l'eau peut s'\u00e9couler librement vers les \u00e9gouts<\/li><li>l'entretien du substrat est tr\u00e8s simple<\/li><li>vitesse de r\u00e9glage de la hauteur et du niveau du sol<\/li><li>produit \u00e9cologique<\/li><li>les plots de terrasse ont une haute r\u00e9sistance aux hautes et basses temp\u00e9ratures<\/li><li>les supports sont \u00e9galement r\u00e9sistants aux rayons UV<\/li><li>Les bases en plastique peuvent \u00eatre adapt\u00e9es \u00e0 pratiquement n'importe quelle surface pour permettre l'installation d'une terrasse ventil\u00e9e.<\/li><li>le vide sous la terrasse l'amortit en plus \u00e0 l'usage<\/li><li>un tel syst\u00e8me nous permet de v\u00e9rifier l'isolation rapidement, de mani\u00e8re non invasive<\/li><li>en enlevant chaque plaque s\u00e9par\u00e9ment, vous pouvez simplement acc\u00e9der aux drains d'inspection<\/li><li>le vide fait nous permet d'ex\u00e9cuter diverses installations sous le bardage sup\u00e9rieur<\/li><\/ul>\n\n\n\n<figure class=\"wp-block-image size-large is-style-default\"><img decoding=\"async\" width=\"800\" height=\"598\" src=\"https:\/\/ddgro.eu\/wp-content\/uploads\/2021\/06\/terrasse-ventilee-pour-les-assemblees-au-restaurant-de-la-vieille-ville.jpg\" alt=\"montage terrasse ventil\u00e9e au restaurant dans le jardin\" class=\"wp-image-58238\" srcset=\"https:\/\/ddgro.eu\/wp-content\/uploads\/2021\/06\/terrasse-ventilee-pour-les-assemblees-au-restaurant-de-la-vieille-ville.jpg 800w, https:\/\/ddgro.eu\/wp-content\/uploads\/2021\/06\/terrasse-ventilee-pour-les-assemblees-au-restaurant-de-la-vieille-ville-300x224.jpg 300w, https:\/\/ddgro.eu\/wp-content\/uploads\/2021\/06\/terrasse-ventilee-pour-les-assemblees-au-restaurant-de-la-vieille-ville-768x574.jpg 768w\" sizes=\"(max-width: 800px) 100vw, 800px\" \/><\/figure>\n\n\n\n<h2 class=\"wp-block-heading\">Ci-dessous nous vous expliquerons \u00e9tape par \u00e9tape comment installer une terrasse ventil\u00e9e.&nbsp;<\/h2>\n\n\n\n<p>La notice de montage de la terrasse ventil\u00e9e que nous avons pr\u00e9par\u00e9e pour vous contient de pr\u00e9cieux conseils et astuces. Il sugg\u00e8re de mani\u00e8re claire et lisible \u00e0 quoi faire attention avant et pendant l'installation de la terrasse ventil\u00e9e.<\/p>\n\n\n\n<p>Vous pouvez le trouver en <a href=\"https:\/\/ddgro.eu\/wp-content\/uploads\/2021\/06\/EN-INSTRUKCJA-STANDARD.pdf\">cliquant ici<\/a>.<\/p>\n\n\n\n<h3 class=\"wp-block-heading\">Notre manuel d'installation d'une terrasse ventil\u00e9e contient de pr\u00e9cieux conseils et astuces sur ce qu'il faut faire attention avant et pendant l'installation d'une terrasse ventil\u00e9e. Il est \u00e9galement disponible sous forme de <a href=\"https:\/\/www.youtube.com\/watch?v=jRfN5gNR8E0&amp;t=2s\">film<\/a>.<\/h3>\n\n\n\n<h2 class=\"wp-block-heading\"><br><strong>Comment installer correctement la terrasse sur des supports - \u00e0 quoi faire attention.<\/strong><\/h2>\n\n\n\n<h3 class=\"wp-block-heading\"><br><strong>Le montage de la terrasse sur des supports, r\u00e9glables ou fixes, est tr\u00e8s simple. Vous le d\u00e9couvrirez bient\u00f4t.<\/strong><\/h3>\n\n\n\n<p>Ci-dessous, nous dirons et illustrerons \u00e0 quoi faire attention lors de l'installation d'une terrasse ventil\u00e9e ainsi que les d\u00e9tails auxquels porter une attention particuli\u00e8re.<\/p>\n\n\n\n<div class=\"wp-block-image is-style-default\"><figure class=\"aligncenter size-large\"><a href=\"https:\/\/ddgro.eu\/wp-content\/uploads\/2021\/06\/plan-projet-terrasse-ventilee.png\"><img decoding=\"async\" width=\"560\" height=\"610\" src=\"https:\/\/ddgro.eu\/wp-content\/uploads\/2021\/06\/plan-projet-terrasse-ventilee.png\" alt=\"endroits probl\u00e9matiques de la terrasse ventil\u00e9e - installation\" class=\"wp-image-58168\" srcset=\"https:\/\/ddgro.eu\/wp-content\/uploads\/2021\/06\/plan-projet-terrasse-ventilee.png 560w, https:\/\/ddgro.eu\/wp-content\/uploads\/2021\/06\/plan-projet-terrasse-ventilee-275x300.png 275w\" sizes=\"(max-width: 560px) 100vw, 560px\" \/><\/a><\/figure><\/div>\n\n\n\n<h2 class=\"wp-block-heading\">Par cons\u00e9quent, nous proc\u00e9dons au travail:<\/h2>\n\n\n\n<figure class=\"wp-block-pullquote\"><blockquote><p>1. Au d\u00e9but, un inventaire (mesures) de la terrasse doit \u00eatre fait<\/p><p><\/p><cite>Il faudra calculer la quantit\u00e9 de mat\u00e9riaux n\u00e9cessaire \u00e0 l'installation d'une terrasse ventil\u00e9e. Voici un exemple de photo de l'inventaire r\u00e9alis\u00e9.<\/cite><\/blockquote><\/figure>\n\n\n\n\n\n<figure class=\"wp-block-gallery columns-2 is-cropped wp-block-gallery-2 is-layout-flex wp-block-gallery-is-layout-flex\"><ul class=\"blocks-gallery-grid\"><li class=\"blocks-gallery-item\"><figure><a href=\"https:\/\/ddgro.eu\/wp-content\/uploads\/2021\/06\/Projet-terrasse-ventilee.jpg\"><img decoding=\"async\" width=\"800\" height=\"581\" src=\"https:\/\/ddgro.eu\/wp-content\/uploads\/2021\/06\/Projet-terrasse-ventilee.jpg\" alt=\"inventaire exemplaire d'une terrasse ventil\u00e9e - montage\" data-id=\"58198\" data-full-url=\"https:\/\/ddgro.eu\/wp-content\/uploads\/2021\/06\/Projet-terrasse-ventilee.jpg\" data-link=\"https:\/\/ddgro.eu\/fr\/?attachment_id=58198\" class=\"wp-image-58198\" srcset=\"https:\/\/ddgro.eu\/wp-content\/uploads\/2021\/06\/Projet-terrasse-ventilee.jpg 800w, https:\/\/ddgro.eu\/wp-content\/uploads\/2021\/06\/Projet-terrasse-ventilee-300x218.jpg 300w, https:\/\/ddgro.eu\/wp-content\/uploads\/2021\/06\/Projet-terrasse-ventilee-768x558.jpg 768w\" sizes=\"(max-width: 800px) 100vw, 800px\" \/><\/a><\/figure><\/li><li class=\"blocks-gallery-item\"><figure><a href=\"https:\/\/ddgro.eu\/wp-content\/uploads\/2021\/06\/mesures-de-lensemble-des-pentes-hauteur-terrasse-ventilee.jpg\"><img decoding=\"async\" width=\"800\" height=\"600\" src=\"https:\/\/ddgro.eu\/wp-content\/uploads\/2021\/06\/mesures-de-lensemble-des-pentes-hauteur-terrasse-ventilee.jpg\" alt=\"mesurer la hauteur de la dalle de terrasse\" data-id=\"58153\" data-full-url=\"https:\/\/ddgro.eu\/wp-content\/uploads\/2021\/06\/mesures-de-lensemble-des-pentes-hauteur-terrasse-ventilee.jpg\" data-link=\"https:\/\/ddgro.eu\/fr\/?attachment_id=58153\" class=\"wp-image-58153\" srcset=\"https:\/\/ddgro.eu\/wp-content\/uploads\/2021\/06\/mesures-de-lensemble-des-pentes-hauteur-terrasse-ventilee.jpg 800w, https:\/\/ddgro.eu\/wp-content\/uploads\/2021\/06\/mesures-de-lensemble-des-pentes-hauteur-terrasse-ventilee-300x225.jpg 300w, https:\/\/ddgro.eu\/wp-content\/uploads\/2021\/06\/mesures-de-lensemble-des-pentes-hauteur-terrasse-ventilee-768x576.jpg 768w\" sizes=\"(max-width: 800px) 100vw, 800px\" \/><\/a><\/figure><\/li><\/ul><\/figure>\n\n\n\n<p>Il est \u00e9galement bon de faire un design de terrasse. Il vous permettra de calculer avec pr\u00e9cision les mat\u00e9riaux n\u00e9cessaires \u00e0 la construction de la terrasse et facilitera les travaux de montage.<\/p>\n\n\n\n<figure class=\"wp-block-gallery columns-2 is-cropped wp-block-gallery-3 is-layout-flex wp-block-gallery-is-layout-flex\"><ul class=\"blocks-gallery-grid\"><li class=\"blocks-gallery-item\"><figure><a href=\"https:\/\/ddgro.eu\/wp-content\/uploads\/2021\/06\/terrasse-bois-ventilee-projekt.jpg\"><img decoding=\"async\" width=\"800\" height=\"378\" src=\"https:\/\/ddgro.eu\/wp-content\/uploads\/2021\/06\/terrasse-bois-ventilee-projekt.jpg\" alt=\"conception de terrasse ventil\u00e9e sur plots r\u00e9glables de terrasse\" data-id=\"58218\" data-full-url=\"https:\/\/ddgro.eu\/wp-content\/uploads\/2021\/06\/terrasse-bois-ventilee-projekt.jpg\" data-link=\"https:\/\/ddgro.eu\/fr\/?attachment_id=58218\" class=\"wp-image-58218\" srcset=\"https:\/\/ddgro.eu\/wp-content\/uploads\/2021\/06\/terrasse-bois-ventilee-projekt.jpg 800w, https:\/\/ddgro.eu\/wp-content\/uploads\/2021\/06\/terrasse-bois-ventilee-projekt-300x142.jpg 300w, https:\/\/ddgro.eu\/wp-content\/uploads\/2021\/06\/terrasse-bois-ventilee-projekt-768x363.jpg 768w\" sizes=\"(max-width: 800px) 100vw, 800px\" \/><\/a><\/figure><\/li><li class=\"blocks-gallery-item\"><figure><a href=\"https:\/\/ddgro.eu\/wp-content\/uploads\/2021\/06\/conception-et-mesures-pour-linstallation-dune-terrasse-ventilee-sur-plots-reglables.jpg\"><img decoding=\"async\" width=\"800\" height=\"600\" src=\"https:\/\/ddgro.eu\/wp-content\/uploads\/2021\/06\/conception-et-mesures-pour-linstallation-dune-terrasse-ventilee-sur-plots-reglables.jpg\" alt=\"conception et dimensions d'une terrasse ventil\u00e9e sur plots r\u00e9glables\" data-id=\"58093\" data-full-url=\"https:\/\/ddgro.eu\/wp-content\/uploads\/2021\/06\/conception-et-mesures-pour-linstallation-dune-terrasse-ventilee-sur-plots-reglables.jpg\" data-link=\"https:\/\/ddgro.eu\/fr\/?attachment_id=58093\" class=\"wp-image-58093\" srcset=\"https:\/\/ddgro.eu\/wp-content\/uploads\/2021\/06\/conception-et-mesures-pour-linstallation-dune-terrasse-ventilee-sur-plots-reglables.jpg 800w, https:\/\/ddgro.eu\/wp-content\/uploads\/2021\/06\/conception-et-mesures-pour-linstallation-dune-terrasse-ventilee-sur-plots-reglables-300x225.jpg 300w, https:\/\/ddgro.eu\/wp-content\/uploads\/2021\/06\/conception-et-mesures-pour-linstallation-dune-terrasse-ventilee-sur-plots-reglables-768x576.jpg 768w\" sizes=\"(max-width: 800px) 100vw, 800px\" \/><\/a><\/figure><\/li><\/ul><\/figure>\n\n\n\n<figure class=\"wp-block-pullquote\"><blockquote><p>2. Ensuite, v\u00e9rifiez si votre sol est plat - il doit \u00eatre plat et stabilis\u00e9 pour que le support de terrasse repose fermement dessus.<\/p><\/blockquote><\/figure>\n\n\n\n<div class=\"wp-block-image is-style-default\"><figure class=\"aligncenter size-large\"><a href=\"https:\/\/ddgro.eu\/wp-content\/uploads\/2021\/06\/le-substrat-pour-la-terrasse-ventilee-doit-etre-uniforme.jpg\"><img decoding=\"async\" width=\"800\" height=\"224\" src=\"https:\/\/ddgro.eu\/wp-content\/uploads\/2021\/06\/le-substrat-pour-la-terrasse-ventilee-doit-etre-uniforme.jpg\" alt=\"surface stable et uniforme pour le plot r\u00e9glable\" class=\"wp-image-58148\" srcset=\"https:\/\/ddgro.eu\/wp-content\/uploads\/2021\/06\/le-substrat-pour-la-terrasse-ventilee-doit-etre-uniforme.jpg 800w, https:\/\/ddgro.eu\/wp-content\/uploads\/2021\/06\/le-substrat-pour-la-terrasse-ventilee-doit-etre-uniforme-300x84.jpg 300w, https:\/\/ddgro.eu\/wp-content\/uploads\/2021\/06\/le-substrat-pour-la-terrasse-ventilee-doit-etre-uniforme-768x215.jpg 768w\" sizes=\"(max-width: 800px) 100vw, 800px\" \/><\/a><\/figure><\/div>\n\n\n\n<figure class=\"wp-block-pullquote\"><blockquote><p>3. Nettoyez la surface de toutes les impuret\u00e9s qui y restent<\/p><\/blockquote><\/figure>\n\n\n\n<div class=\"wp-block-image is-style-default\"><figure class=\"aligncenter size-large\"><a href=\"https:\/\/ddgro.eu\/wp-content\/uploads\/2021\/06\/la-surface-damenagement-dune-terrasse-ventilee-doit-etre-nettoyee.jpg\"><img decoding=\"async\" width=\"400\" height=\"198\" src=\"https:\/\/ddgro.eu\/wp-content\/uploads\/2021\/06\/la-surface-damenagement-dune-terrasse-ventilee-doit-etre-nettoyee.jpg\" alt=\"nettoyer la surface des impuret\u00e9s\" class=\"wp-image-58138\" srcset=\"https:\/\/ddgro.eu\/wp-content\/uploads\/2021\/06\/la-surface-damenagement-dune-terrasse-ventilee-doit-etre-nettoyee.jpg 400w, https:\/\/ddgro.eu\/wp-content\/uploads\/2021\/06\/la-surface-damenagement-dune-terrasse-ventilee-doit-etre-nettoyee-300x149.jpg 300w\" sizes=\"(max-width: 400px) 100vw, 400px\" \/><\/a><\/figure><\/div>\n\n\n\n<figure class=\"wp-block-pullquote\"><blockquote><p>4. V\u00e9rifiez si votre sol est suffisamment dur pour y mettre un plot de terrasse r\u00e9glable - il peut s'agir de<\/p><\/blockquote><\/figure>\n\n\n\n<p>-bec<\/p>\n\n\n\n<p>- dalle en b\u00e9ton<\/p>\n\n\n\n<p>- bloc de b\u00e9ton au sol<\/p>\n\n\n\n<p>- plaque b\u00e9ton ajour\u00e9e<\/p>\n\n\n\n<p>- styrodur dur XPS \/ ESP \/ PIR<\/p>\n\n\n\n<div class=\"wp-block-image is-style-default\"><figure class=\"aligncenter size-large\"><a href=\"https:\/\/ddgro.eu\/wp-content\/uploads\/2021\/06\/le-substrat-de-la-terrasse-ventilee-doit-etre-rigide-et-stable.jpg\"><img decoding=\"async\" width=\"400\" height=\"285\" src=\"https:\/\/ddgro.eu\/wp-content\/uploads\/2021\/06\/le-substrat-de-la-terrasse-ventilee-doit-etre-rigide-et-stable.jpg\" alt=\"v\u00e9rifier le type de sol pour la terrasse sur\u00e9lev\u00e9e\" class=\"wp-image-58143\" srcset=\"https:\/\/ddgro.eu\/wp-content\/uploads\/2021\/06\/le-substrat-de-la-terrasse-ventilee-doit-etre-rigide-et-stable.jpg 400w, https:\/\/ddgro.eu\/wp-content\/uploads\/2021\/06\/le-substrat-de-la-terrasse-ventilee-doit-etre-rigide-et-stable-300x214.jpg 300w\" sizes=\"(max-width: 400px) 100vw, 400px\" \/><\/a><\/figure><\/div>\n\n\n\n<figure class=\"wp-block-pullquote\"><blockquote><p>5. Si votre sous-plancher est isol\u00e9 avec une couche d'imperm\u00e9abilisation, une imperm\u00e9abilisation pour le prot\u00e9ger utilise un support en granul\u00e9s de caoutchouc SBR.<\/p><\/blockquote><\/figure>\n\n\n\n<div class=\"wp-block-image is-style-default\"><figure class=\"aligncenter size-large\"><a href=\"https:\/\/ddgro.eu\/wp-content\/uploads\/2021\/06\/base-en-granules-de-caoutchouc-SBR-souple.jpg\"><img decoding=\"async\" width=\"400\" height=\"284\" src=\"https:\/\/ddgro.eu\/wp-content\/uploads\/2021\/06\/base-en-granules-de-caoutchouc-SBR-souple.jpg\" alt=\"base en granul\u00e9s de caoutchouc SBR\" class=\"wp-image-58073\" srcset=\"https:\/\/ddgro.eu\/wp-content\/uploads\/2021\/06\/base-en-granules-de-caoutchouc-SBR-souple.jpg 400w, https:\/\/ddgro.eu\/wp-content\/uploads\/2021\/06\/base-en-granules-de-caoutchouc-SBR-souple-300x213.jpg 300w\" sizes=\"(max-width: 400px) 100vw, 400px\" \/><\/a><\/figure><\/div>\n\n\n\n<figure class=\"wp-block-pullquote\"><blockquote><p>6. Le plot r\u00e9glable peut \u00eatre verrouill\u00e9 en tournant la base avec la vis - c'est l'image du bo\u00eetier<\/p><\/blockquote><\/figure>\n\n\n\n<div class=\"wp-block-image is-style-default\"><figure class=\"aligncenter size-large\"><a href=\"https:\/\/ddgro.eu\/wp-content\/uploads\/2021\/06\/comment-verrouiller-la-vis-et-le-manchon-du-plot-de-pont-reglable.jpg\"><img decoding=\"async\" width=\"800\" height=\"352\" src=\"https:\/\/ddgro.eu\/wp-content\/uploads\/2021\/06\/comment-verrouiller-la-vis-et-le-manchon-du-plot-de-pont-reglable.jpg\" alt=\"torsion des plots pour \u00e9viter de glisser\" class=\"wp-image-58088\" srcset=\"https:\/\/ddgro.eu\/wp-content\/uploads\/2021\/06\/comment-verrouiller-la-vis-et-le-manchon-du-plot-de-pont-reglable.jpg 800w, https:\/\/ddgro.eu\/wp-content\/uploads\/2021\/06\/comment-verrouiller-la-vis-et-le-manchon-du-plot-de-pont-reglable-300x132.jpg 300w, https:\/\/ddgro.eu\/wp-content\/uploads\/2021\/06\/comment-verrouiller-la-vis-et-le-manchon-du-plot-de-pont-reglable-768x338.jpg 768w\" sizes=\"(max-width: 800px) 100vw, 800px\" \/><\/a><\/figure><\/div>\n\n\n\n<figure class=\"wp-block-pullquote\"><blockquote><p>7.A. Si votre support n'est pas recouvert d'une couche d'imperm\u00e9abilisation, vous pouvez y visser le plot terrasse avec une vis<\/p><\/blockquote><\/figure>\n\n\n\n<p>Recommand\u00e9 en cas de risque de glissement des plots terrasse.<\/p>\n\n\n\n<div class=\"wp-block-image is-style-default\"><figure class=\"aligncenter size-large\"><a href=\"https:\/\/ddgro.eu\/wp-content\/uploads\/2021\/06\/Fixation-du-support-au-sol-avec-une-vis.jpg\"><img decoding=\"async\" width=\"555\" height=\"705\" src=\"https:\/\/ddgro.eu\/wp-content\/uploads\/2021\/06\/Fixation-du-support-au-sol-avec-une-vis.jpg\" alt=\"Visser le support \u00e0 la base avec une vis\" class=\"wp-image-58123\" srcset=\"https:\/\/ddgro.eu\/wp-content\/uploads\/2021\/06\/Fixation-du-support-au-sol-avec-une-vis.jpg 555w, https:\/\/ddgro.eu\/wp-content\/uploads\/2021\/06\/Fixation-du-support-au-sol-avec-une-vis-236x300.jpg 236w\" sizes=\"(max-width: 555px) 100vw, 555px\" \/><\/a><\/figure><\/div>\n\n\n\n<figure class=\"wp-block-pullquote\"><blockquote><p>7.B. Cependant, si votre substrat est isol\u00e9 contre le trempage de l'eau (m\u00eame dans des couches plus profondes)<\/p><\/blockquote><\/figure>\n\n\n\n<p>... &nbsp;vous pouvez coller le support avec un adh\u00e9sif sp\u00e9cial qui liera le plastique au b\u00e9ton. <\/p>\n\n\n\n<div class=\"wp-block-image is-style-default\"><figure class=\"aligncenter size-large\"><a href=\"https:\/\/ddgro.eu\/wp-content\/uploads\/2021\/06\/Collage-du-plot-reglable-sur-la-base-en-beton-de-feutre-de-toiture.jpg\"><img decoding=\"async\" width=\"802\" height=\"548\" src=\"https:\/\/ddgro.eu\/wp-content\/uploads\/2021\/06\/Collage-du-plot-reglable-sur-la-base-en-beton-de-feutre-de-toiture.jpg\" alt=\"Collage du support sur le feutre de toiture en b\u00e9ton\" class=\"wp-image-58078\" srcset=\"https:\/\/ddgro.eu\/wp-content\/uploads\/2021\/06\/Collage-du-plot-reglable-sur-la-base-en-beton-de-feutre-de-toiture.jpg 802w, https:\/\/ddgro.eu\/wp-content\/uploads\/2021\/06\/Collage-du-plot-reglable-sur-la-base-en-beton-de-feutre-de-toiture-300x205.jpg 300w, https:\/\/ddgro.eu\/wp-content\/uploads\/2021\/06\/Collage-du-plot-reglable-sur-la-base-en-beton-de-feutre-de-toiture-768x525.jpg 768w\" sizes=\"(max-width: 802px) 100vw, 802px\" \/><\/a><\/figure><\/div>\n\n\n\n<figure class=\"wp-block-pullquote\"><blockquote><p>8. L'ajustement de la base du plot r\u00e9glable contre le mur et dans le coin est \u00e9galement tr\u00e8s simple.<\/p><\/blockquote><\/figure>\n\n\n\n<p>Il suffit d'ajuster le plot r\u00e9glable \u00e0 un cas pr\u00e9cis et de couper sa base au besoin. <\/p>\n\n\n\n\n\n<figure class=\"wp-block-gallery columns-2 is-cropped wp-block-gallery-4 is-layout-flex wp-block-gallery-is-layout-flex\"><ul class=\"blocks-gallery-grid\"><li class=\"blocks-gallery-item\"><figure><a href=\"https:\/\/ddgro.eu\/wp-content\/uploads\/2021\/06\/aligner-la-base-du-plot-reglable-sur-un-mur-droit.jpg\"><img decoding=\"async\" width=\"400\" height=\"264\" src=\"https:\/\/ddgro.eu\/wp-content\/uploads\/2021\/06\/aligner-la-base-du-plot-reglable-sur-un-mur-droit.jpg\" alt=\"ajuster la base du plots r\u00e9glable \u00e0 un mur droit\" data-id=\"58053\" data-full-url=\"https:\/\/ddgro.eu\/wp-content\/uploads\/2021\/06\/aligner-la-base-du-plot-reglable-sur-un-mur-droit.jpg\" data-link=\"https:\/\/ddgro.eu\/fr\/?attachment_id=58053\" class=\"wp-image-58053\" srcset=\"https:\/\/ddgro.eu\/wp-content\/uploads\/2021\/06\/aligner-la-base-du-plot-reglable-sur-un-mur-droit.jpg 400w, https:\/\/ddgro.eu\/wp-content\/uploads\/2021\/06\/aligner-la-base-du-plot-reglable-sur-un-mur-droit-300x198.jpg 300w\" sizes=\"(max-width: 400px) 100vw, 400px\" \/><\/a><\/figure><\/li><li class=\"blocks-gallery-item\"><figure><a href=\"https:\/\/ddgro.eu\/wp-content\/uploads\/2021\/06\/aligner-la-base-du-plot-reglable-sur-le-mur-dans-le-coin.jpg\"><img decoding=\"async\" width=\"400\" height=\"228\" src=\"https:\/\/ddgro.eu\/wp-content\/uploads\/2021\/06\/aligner-la-base-du-plot-reglable-sur-le-mur-dans-le-coin.jpg\" alt=\"alignement de la base de plots r\u00e9glable sur le mur d'angle du coin\" data-id=\"58058\" data-full-url=\"https:\/\/ddgro.eu\/wp-content\/uploads\/2021\/06\/aligner-la-base-du-plot-reglable-sur-le-mur-dans-le-coin.jpg\" data-link=\"https:\/\/ddgro.eu\/fr\/?attachment_id=58058\" class=\"wp-image-58058\" srcset=\"https:\/\/ddgro.eu\/wp-content\/uploads\/2021\/06\/aligner-la-base-du-plot-reglable-sur-le-mur-dans-le-coin.jpg 400w, https:\/\/ddgro.eu\/wp-content\/uploads\/2021\/06\/aligner-la-base-du-plot-reglable-sur-le-mur-dans-le-coin-300x171.jpg 300w\" sizes=\"(max-width: 400px) 100vw, 400px\" \/><\/a><\/figure><\/li><\/ul><\/figure>\n\n\n\n<figure class=\"wp-block-pullquote\"><blockquote><p>9. La d\u00e9coupe des planches est n\u00e9cessaire dans presque tous les cas de terrasses et balcons.<\/p><\/blockquote><\/figure>\n\n\n\n<p>Les dalles de b\u00e9ton ne sont pas faites<\/p>\n\n\n\n<div class=\"wp-block-image is-style-default\"><figure class=\"aligncenter size-large\"><a href=\"https:\/\/ddgro.eu\/wp-content\/uploads\/2021\/06\/couper-des-carreaux-de-ceramique-au-coin-du-mur-du-batiment.jpg\"><img decoding=\"async\" width=\"796\" height=\"638\" src=\"https:\/\/ddgro.eu\/wp-content\/uploads\/2021\/06\/couper-des-carreaux-de-ceramique-au-coin-du-mur-du-batiment.jpg\" alt=\"couper des carreaux de terrasse en c\u00e9ramique au coin du mur de terrasse sur\u00e9lev\u00e9\" class=\"wp-image-58098\" srcset=\"https:\/\/ddgro.eu\/wp-content\/uploads\/2021\/06\/couper-des-carreaux-de-ceramique-au-coin-du-mur-du-batiment.jpg 796w, https:\/\/ddgro.eu\/wp-content\/uploads\/2021\/06\/couper-des-carreaux-de-ceramique-au-coin-du-mur-du-batiment-300x240.jpg 300w, https:\/\/ddgro.eu\/wp-content\/uploads\/2021\/06\/couper-des-carreaux-de-ceramique-au-coin-du-mur-du-batiment-768x616.jpg 768w\" sizes=\"(max-width: 796px) 100vw, 796px\" \/><\/a><\/figure><\/div>\n\n\n\n<figure class=\"wp-block-pullquote\"><blockquote><p>10. Surmonter la faille situ\u00e9e \u00e0 la surface de notre terrasse ou relier deux dalles de b\u00e9ton en un seul plan est facile.<\/p><\/blockquote><\/figure>\n\n\n\n<p>&nbsp;Il suffit de faire un pont \u00e0 partir de supports inf\u00e9rieurs suppl\u00e9mentaires et de la dalle de terrasse. Nous allons le visualiser ci-dessous :<\/p>\n\n\n\n<figure class=\"wp-block-image size-large is-style-default\"><img decoding=\"async\" width=\"740\" height=\"800\" src=\"https:\/\/ddgro.eu\/wp-content\/uploads\/2021\/06\/surmonter-un-defaut-sur-une-dalle-de-beton-dune-terrasse-surelevee-a-partir-de-plots-reglables-et-de-dalles-de-terrasse.jpg\" alt=\"surmonter un d\u00e9faut sur un balcon terrasse en b\u00e9ton d'une terrasse ventil\u00e9e\" class=\"wp-image-58213\" srcset=\"https:\/\/ddgro.eu\/wp-content\/uploads\/2021\/06\/surmonter-un-defaut-sur-une-dalle-de-beton-dune-terrasse-surelevee-a-partir-de-plots-reglables-et-de-dalles-de-terrasse.jpg 740w, https:\/\/ddgro.eu\/wp-content\/uploads\/2021\/06\/surmonter-un-defaut-sur-une-dalle-de-beton-dune-terrasse-surelevee-a-partir-de-plots-reglables-et-de-dalles-de-terrasse-278x300.jpg 278w\" sizes=\"(max-width: 740px) 100vw, 740px\" \/><\/figure>\n\n\n\n<h2 class=\"wp-block-heading\">Nous pouvons maintenant proc\u00e9der au montage final de notre terrasse sur\u00e9lev\u00e9e.<\/h2>\n\n\n\n<p>Jetez un \u0153il \u00e0 votre terrasse et pensez \u00e0 ses endroits difficiles.<\/p>\n\n\n\n<p>Tous les points chauds qui pourraient \u00eatre des probl\u00e8mes.<\/p>\n\n\n\n<div class=\"wp-block-image is-style-default\"><figure class=\"aligncenter size-large\"><a href=\"https:\/\/ddgro.eu\/wp-content\/uploads\/2021\/06\/plan-projet-terrasse-ventilee.png\"><img decoding=\"async\" width=\"560\" height=\"610\" src=\"https:\/\/ddgro.eu\/wp-content\/uploads\/2021\/06\/plan-projet-terrasse-ventilee.png\" alt=\"endroits probl\u00e9matiques de la terrasse ventil\u00e9e - installation\" class=\"wp-image-58168\" srcset=\"https:\/\/ddgro.eu\/wp-content\/uploads\/2021\/06\/plan-projet-terrasse-ventilee.png 560w, https:\/\/ddgro.eu\/wp-content\/uploads\/2021\/06\/plan-projet-terrasse-ventilee-275x300.png 275w\" sizes=\"(max-width: 560px) 100vw, 560px\" \/><\/a><\/figure><\/div>\n\n\n\n<p>La hauteur du dernier \u00e9tage est d\u00e9termin\u00e9e au mieux et avec la plus grande pr\u00e9cision avec un dispositif de nivellement laser. Il vous permettra de bien d\u00e9terminer la g\u00e9om\u00e9trie de la terrasse.<\/p>\n\n\n\n\n\n<h2 class=\"wp-block-heading\">Comment commencer \u00e0 pose de dalles de terrasse sur stands une terrasse sur\u00e9lev\u00e9e.<\/h2>\n\n\n\n<h2 class=\"wp-block-heading\">Par o\u00f9 les commencer ?<\/h2>\n\n\n\n<p>Voici quelques conseils pour des cas sp\u00e9cifiques :<\/p>\n\n\n\n<h2 class=\"wp-block-heading\">A. L'entr\u00e9e de la terrasse<\/h2>\n\n\n\n<p>&nbsp;L'entr\u00e9e de la terrasse est g\u00e9n\u00e9ralement l'endroit selon lequel on planifie la hauteur de la terrasse ventil\u00e9e.<\/p>\n\n\n\n<p>Une hauteur bien ajust\u00e9e par rapport au seuil permettra une transition confortable de la pi\u00e8ce vers l'ext\u00e9rieur.<\/p>\n\n\n\n<p><strong>Il est recommand\u00e9 que la hauteur entre la surface de la terrasse et le seuil de la porte du balcon ne soit pas sup\u00e9rieure \u00e0 la marche (confortable), soit ~ 15 cm.<\/strong><\/p>\n\n\n\n<figure class=\"wp-block-gallery columns-2 is-cropped wp-block-gallery-5 is-layout-flex wp-block-gallery-is-layout-flex\"><ul class=\"blocks-gallery-grid\"><li class=\"blocks-gallery-item\"><figure><a href=\"https:\/\/ddgro.eu\/wp-content\/uploads\/2021\/06\/debut-de-la-pose-dune-terrasse-surelevee-et-ventilee-en-dalles-de-terrasse.jpg\"><img decoding=\"async\" width=\"800\" height=\"800\" src=\"https:\/\/ddgro.eu\/wp-content\/uploads\/2021\/06\/debut-de-la-pose-dune-terrasse-surelevee-et-ventilee-en-dalles-de-terrasse.jpg\" alt=\"d\u00e9but de pose de la terrasse \u00e0 l'entr\u00e9e d'une dalle de terrasse sur\u00e9lev\u00e9e et ventil\u00e9e\" data-id=\"58103\" data-full-url=\"https:\/\/ddgro.eu\/wp-content\/uploads\/2021\/06\/debut-de-la-pose-dune-terrasse-surelevee-et-ventilee-en-dalles-de-terrasse.jpg\" data-link=\"https:\/\/ddgro.eu\/fr\/?attachment_id=58103\" class=\"wp-image-58103\" srcset=\"https:\/\/ddgro.eu\/wp-content\/uploads\/2021\/06\/debut-de-la-pose-dune-terrasse-surelevee-et-ventilee-en-dalles-de-terrasse.jpg 800w, https:\/\/ddgro.eu\/wp-content\/uploads\/2021\/06\/debut-de-la-pose-dune-terrasse-surelevee-et-ventilee-en-dalles-de-terrasse-300x300.jpg 300w, https:\/\/ddgro.eu\/wp-content\/uploads\/2021\/06\/debut-de-la-pose-dune-terrasse-surelevee-et-ventilee-en-dalles-de-terrasse-150x150.jpg 150w, https:\/\/ddgro.eu\/wp-content\/uploads\/2021\/06\/debut-de-la-pose-dune-terrasse-surelevee-et-ventilee-en-dalles-de-terrasse-768x768.jpg 768w\" sizes=\"(max-width: 800px) 100vw, 800px\" \/><\/a><\/figure><\/li><li class=\"blocks-gallery-item\"><figure><a href=\"https:\/\/ddgro.eu\/wp-content\/uploads\/2021\/06\/terrasse-solives-ventilees-terrasse-toit-plat.jpg\"><img decoding=\"async\" width=\"512\" height=\"385\" src=\"https:\/\/ddgro.eu\/wp-content\/uploads\/2021\/06\/terrasse-solives-ventilees-terrasse-toit-plat.jpg\" alt=\"terrasse ventil\u00e9e pose de lambourdes dans l'entr\u00e9e d\u00e9but de pose\" data-id=\"58248\" data-full-url=\"https:\/\/ddgro.eu\/wp-content\/uploads\/2021\/06\/terrasse-solives-ventilees-terrasse-toit-plat.jpg\" data-link=\"https:\/\/ddgro.eu\/fr\/?attachment_id=58248\" class=\"wp-image-58248\" srcset=\"https:\/\/ddgro.eu\/wp-content\/uploads\/2021\/06\/terrasse-solives-ventilees-terrasse-toit-plat.jpg 512w, https:\/\/ddgro.eu\/wp-content\/uploads\/2021\/06\/terrasse-solives-ventilees-terrasse-toit-plat-300x226.jpg 300w\" sizes=\"(max-width: 512px) 100vw, 512px\" \/><\/a><\/figure><\/li><\/ul><\/figure>\n\n\n\n<h2 class=\"wp-block-heading\">B. S\u00e9lection de plots r\u00e9glables pour terrasses sur\u00e9lev\u00e9es de faible hauteur.<\/h2>\n\n\n\n<p>Si la terrasse ventil\u00e9e a une pente \"z\u00e9ro\", utilisez les supports \u00e0 hauteur fixe DD Pedestals. Ils sont sp\u00e9cialement adapt\u00e9s aux dalles de terrasse. Des cales en caoutchouc de construction \u00e0 usage g\u00e9n\u00e9ral peuvent \u00e9galement \u00eatre utilis\u00e9es.<\/p>\n\n\n\n<p>Si n\u00e9cessaire, les supports de terrasse fixes peuvent \u00eatre align\u00e9s au niveau souhait\u00e9 en pla\u00e7ant des entretoises en caoutchouc sur un seul c\u00f4t\u00e9 du plots r\u00e9glable de terrasse<\/p>\n\n\n\n<figure class=\"wp-block-gallery columns-2 is-cropped wp-block-gallery-6 is-layout-flex wp-block-gallery-is-layout-flex\"><ul class=\"blocks-gallery-grid\"><li class=\"blocks-gallery-item\"><figure><a href=\"https:\/\/ddgro.eu\/wp-content\/uploads\/2021\/06\/terrasse-surelevee-en-carreaux-de-ceramique-sur-entretoises-plastiques-fixes.jpg\"><img decoding=\"async\" width=\"772\" height=\"800\" src=\"https:\/\/ddgro.eu\/wp-content\/uploads\/2021\/06\/terrasse-surelevee-en-carreaux-de-ceramique-sur-entretoises-plastiques-fixes.jpg\" alt=\"terrasse sur\u00e9lev\u00e9e en carreaux de c\u00e9ramique sur supports bas fixes\" data-id=\"58223\" data-full-url=\"https:\/\/ddgro.eu\/wp-content\/uploads\/2021\/06\/terrasse-surelevee-en-carreaux-de-ceramique-sur-entretoises-plastiques-fixes.jpg\" data-link=\"https:\/\/ddgro.eu\/fr\/?attachment_id=58223\" class=\"wp-image-58223\" srcset=\"https:\/\/ddgro.eu\/wp-content\/uploads\/2021\/06\/terrasse-surelevee-en-carreaux-de-ceramique-sur-entretoises-plastiques-fixes.jpg 772w, https:\/\/ddgro.eu\/wp-content\/uploads\/2021\/06\/terrasse-surelevee-en-carreaux-de-ceramique-sur-entretoises-plastiques-fixes-290x300.jpg 290w, https:\/\/ddgro.eu\/wp-content\/uploads\/2021\/06\/terrasse-surelevee-en-carreaux-de-ceramique-sur-entretoises-plastiques-fixes-768x796.jpg 768w\" sizes=\"(max-width: 772px) 100vw, 772px\" \/><\/a><\/figure><\/li><li class=\"blocks-gallery-item\"><figure><a href=\"https:\/\/ddgro.eu\/wp-content\/uploads\/2021\/06\/commencer-a-poser-des-planches-sur-les-plots-reglables-a-seuil-bas.jpg\"><img decoding=\"async\" width=\"800\" height=\"450\" src=\"https:\/\/ddgro.eu\/wp-content\/uploads\/2021\/06\/commencer-a-poser-des-planches-sur-les-plots-reglables-a-seuil-bas.jpg\" alt=\"d\u00e9but de pose des dalles de terrasse sur le balcon sur supports de terrasse\" data-id=\"58083\" data-full-url=\"https:\/\/ddgro.eu\/wp-content\/uploads\/2021\/06\/commencer-a-poser-des-planches-sur-les-plots-reglables-a-seuil-bas.jpg\" data-link=\"https:\/\/ddgro.eu\/fr\/?attachment_id=58083\" class=\"wp-image-58083\" srcset=\"https:\/\/ddgro.eu\/wp-content\/uploads\/2021\/06\/commencer-a-poser-des-planches-sur-les-plots-reglables-a-seuil-bas.jpg 800w, https:\/\/ddgro.eu\/wp-content\/uploads\/2021\/06\/commencer-a-poser-des-planches-sur-les-plots-reglables-a-seuil-bas-300x169.jpg 300w, https:\/\/ddgro.eu\/wp-content\/uploads\/2021\/06\/commencer-a-poser-des-planches-sur-les-plots-reglables-a-seuil-bas-768x432.jpg 768w\" sizes=\"(max-width: 800px) 100vw, 800px\" \/><\/a><\/figure><\/li><\/ul><\/figure>\n\n\n\n<h2 class=\"wp-block-heading\">C.&nbsp;Pose de dalles de terrasse dans les angles int\u00e9rieurs et ext\u00e9rieurs<\/h2>\n\n\n\n<p>L'angle de la terrasse n\u00e9cessite l'utilisation d'un plot r\u00e9glable DD Pedestals qui s'y int\u00e9grera parfaitement. Retirez donc les feuilles de jointoiement du support de terrasse et placez le \u00ab nu \u00bb sous la dalle. Dans le cas o\u00f9 les bases des plots de terrasse ne s'embo\u00eetent pas en raison de la faible distance qui les s\u00e9pare, sa base doit \u00eatre coup\u00e9e.<\/p>\n\n\n\n<p>Ci-dessous une repr\u00e9sentation graphique des lieux probl\u00e9matiques:<\/p>\n\n\n\n<figure class=\"wp-block-gallery columns-2 is-cropped wp-block-gallery-7 is-layout-flex wp-block-gallery-is-layout-flex\"><ul class=\"blocks-gallery-grid\"><li class=\"blocks-gallery-item\"><figure><a href=\"https:\/\/ddgro.eu\/wp-content\/uploads\/2021\/06\/decoupe-du-plot-reglable-de-terrasse-dans-les-angles-pour-une-terrasse-aeree.jpg\"><img decoding=\"async\" width=\"800\" height=\"796\" src=\"https:\/\/ddgro.eu\/wp-content\/uploads\/2021\/06\/decoupe-du-plot-reglable-de-terrasse-dans-les-angles-pour-une-terrasse-aeree.jpg\" alt=\"d\u00e9coupe du plot r\u00e9glable de terrasse pour la terrasse sur\u00e9lev\u00e9e dans le coin int\u00e9rieur\" data-id=\"58108\" data-full-url=\"https:\/\/ddgro.eu\/wp-content\/uploads\/2021\/06\/decoupe-du-plot-reglable-de-terrasse-dans-les-angles-pour-une-terrasse-aeree.jpg\" data-link=\"https:\/\/ddgro.eu\/fr\/?attachment_id=58108\" class=\"wp-image-58108\" srcset=\"https:\/\/ddgro.eu\/wp-content\/uploads\/2021\/06\/decoupe-du-plot-reglable-de-terrasse-dans-les-angles-pour-une-terrasse-aeree.jpg 800w, https:\/\/ddgro.eu\/wp-content\/uploads\/2021\/06\/decoupe-du-plot-reglable-de-terrasse-dans-les-angles-pour-une-terrasse-aeree-300x300.jpg 300w, https:\/\/ddgro.eu\/wp-content\/uploads\/2021\/06\/decoupe-du-plot-reglable-de-terrasse-dans-les-angles-pour-une-terrasse-aeree-150x150.jpg 150w, https:\/\/ddgro.eu\/wp-content\/uploads\/2021\/06\/decoupe-du-plot-reglable-de-terrasse-dans-les-angles-pour-une-terrasse-aeree-768x764.jpg 768w\" sizes=\"(max-width: 800px) 100vw, 800px\" \/><\/a><\/figure><\/li><li class=\"blocks-gallery-item\"><figure><a href=\"https:\/\/ddgro.eu\/wp-content\/uploads\/2021\/06\/installation-dune-terrasse-ventilee-dans-le-coin-balcon.jpg\"><img decoding=\"async\" width=\"800\" height=\"450\" src=\"https:\/\/ddgro.eu\/wp-content\/uploads\/2021\/06\/installation-dune-terrasse-ventilee-dans-le-coin-balcon.jpg\" alt=\"installation de terrasse ventil\u00e9e dans l'angle du balcon \" data-id=\"58133\" data-full-url=\"https:\/\/ddgro.eu\/wp-content\/uploads\/2021\/06\/installation-dune-terrasse-ventilee-dans-le-coin-balcon.jpg\" data-link=\"https:\/\/ddgro.eu\/fr\/?attachment_id=58133\" class=\"wp-image-58133\" srcset=\"https:\/\/ddgro.eu\/wp-content\/uploads\/2021\/06\/installation-dune-terrasse-ventilee-dans-le-coin-balcon.jpg 800w, https:\/\/ddgro.eu\/wp-content\/uploads\/2021\/06\/installation-dune-terrasse-ventilee-dans-le-coin-balcon-300x169.jpg 300w, https:\/\/ddgro.eu\/wp-content\/uploads\/2021\/06\/installation-dune-terrasse-ventilee-dans-le-coin-balcon-768x432.jpg 768w\" sizes=\"(max-width: 800px) 100vw, 800px\" \/><\/a><\/figure><\/li><\/ul><\/figure>\n\n\n\n<h2 class=\"wp-block-heading\">D. Terrasse inclin\u00e9e - comment disposer les dalles d'une terrasse sur\u00e9lev\u00e9e en angle<\/h2>\n\n\n\n<p>Les lignes diagonales n\u00e9cessitent de d\u00e9couper les dalles de terrasse en trap\u00e8zes ou en triangles. Cela n\u00e9cessite une disposition non standard des supports de terrasse et l'adaptation appropri\u00e9e des planches.<\/p>\n\n\n\n\n\n<figure class=\"wp-block-gallery columns-2 is-cropped wp-block-gallery-8 is-layout-flex wp-block-gallery-is-layout-flex\"><ul class=\"blocks-gallery-grid\"><li class=\"blocks-gallery-item\"><figure><a href=\"https:\/\/ddgro.eu\/wp-content\/uploads\/2021\/06\/enfiler-des-dalles-de-terrasse-sur-les-pentes-des-terrasses-ventilees.jpg\"><img decoding=\"async\" width=\"800\" height=\"779\" src=\"https:\/\/ddgro.eu\/wp-content\/uploads\/2021\/06\/enfiler-des-dalles-de-terrasse-sur-les-pentes-des-terrasses-ventilees.jpg\" alt=\"d\u00e9coupe des dalles de terrasse sur terrasses ventil\u00e9es et sur\u00e9lev\u00e9es en diagonale \" data-id=\"58118\" data-full-url=\"https:\/\/ddgro.eu\/wp-content\/uploads\/2021\/06\/enfiler-des-dalles-de-terrasse-sur-les-pentes-des-terrasses-ventilees.jpg\" data-link=\"https:\/\/ddgro.eu\/fr\/?attachment_id=58118\" class=\"wp-image-58118\" srcset=\"https:\/\/ddgro.eu\/wp-content\/uploads\/2021\/06\/enfiler-des-dalles-de-terrasse-sur-les-pentes-des-terrasses-ventilees.jpg 800w, https:\/\/ddgro.eu\/wp-content\/uploads\/2021\/06\/enfiler-des-dalles-de-terrasse-sur-les-pentes-des-terrasses-ventilees-300x292.jpg 300w, https:\/\/ddgro.eu\/wp-content\/uploads\/2021\/06\/enfiler-des-dalles-de-terrasse-sur-les-pentes-des-terrasses-ventilees-768x748.jpg 768w\" sizes=\"(max-width: 800px) 100vw, 800px\" \/><\/a><\/figure><\/li><li class=\"blocks-gallery-item\"><figure><a href=\"https:\/\/ddgro.eu\/wp-content\/uploads\/2021\/06\/terrasse-ventilee-dossier-support-plaques-garde-corps.jpg\"><img decoding=\"async\" width=\"512\" height=\"288\" src=\"https:\/\/ddgro.eu\/wp-content\/uploads\/2021\/06\/terrasse-ventilee-dossier-support-plaques-garde-corps.jpg\" alt=\"terrasse ventil\u00e9e pose de panneaux en angle oblique sur le support de terrasse\" data-id=\"58253\" data-full-url=\"https:\/\/ddgro.eu\/wp-content\/uploads\/2021\/06\/terrasse-ventilee-dossier-support-plaques-garde-corps.jpg\" data-link=\"https:\/\/ddgro.eu\/fr\/?attachment_id=58253\" class=\"wp-image-58253\" srcset=\"https:\/\/ddgro.eu\/wp-content\/uploads\/2021\/06\/terrasse-ventilee-dossier-support-plaques-garde-corps.jpg 512w, https:\/\/ddgro.eu\/wp-content\/uploads\/2021\/06\/terrasse-ventilee-dossier-support-plaques-garde-corps-300x169.jpg 300w\" sizes=\"(max-width: 512px) 100vw, 512px\" \/><\/a><\/figure><\/li><\/ul><\/figure>\n\n\n\n<h2 class=\"wp-block-heading\">E. Arch sur la terrasse - comment y faire face<\/h2>\n\n\n\n<p>Chaque terrasse a sa propre g\u00e9om\u00e9trie unique. Les terrasses ont souvent des murs de parapet arqu\u00e9s. Dans un tel cas, la disposition des supports DDP et la d\u00e9coupe des planches n\u00e9cessiteront une plus grande pr\u00e9cision et la densit\u00e9 des supports DDP. La d\u00e9coupe des planches le long de l'arc doit \u00eatre pr\u00e9vue au stade du d\u00e9marrage de la pose de la terrasse.<\/p>\n\n\n\n<figure class=\"wp-block-gallery columns-2 is-cropped wp-block-gallery-9 is-layout-flex wp-block-gallery-is-layout-flex\"><ul class=\"blocks-gallery-grid\"><li class=\"blocks-gallery-item\"><figure><a href=\"https:\/\/ddgro.eu\/wp-content\/uploads\/2021\/06\/arche-sur-la-terrasse-comment-couper-les-carreaux-de-terrasse-pour-une-terrasse-surelevee.jpg\"><img decoding=\"async\" width=\"800\" height=\"799\" src=\"https:\/\/ddgro.eu\/wp-content\/uploads\/2021\/06\/arche-sur-la-terrasse-comment-couper-les-carreaux-de-terrasse-pour-une-terrasse-surelevee.jpg\" alt=\"Couper des dalles de terrasse sur une terrasse sur\u00e9lev\u00e9e avec une arche\" data-id=\"58068\" data-full-url=\"https:\/\/ddgro.eu\/wp-content\/uploads\/2021\/06\/arche-sur-la-terrasse-comment-couper-les-carreaux-de-terrasse-pour-une-terrasse-surelevee.jpg\" data-link=\"https:\/\/ddgro.eu\/fr\/?attachment_id=58068\" class=\"wp-image-58068\" srcset=\"https:\/\/ddgro.eu\/wp-content\/uploads\/2021\/06\/arche-sur-la-terrasse-comment-couper-les-carreaux-de-terrasse-pour-une-terrasse-surelevee.jpg 800w, https:\/\/ddgro.eu\/wp-content\/uploads\/2021\/06\/arche-sur-la-terrasse-comment-couper-les-carreaux-de-terrasse-pour-une-terrasse-surelevee-300x300.jpg 300w, https:\/\/ddgro.eu\/wp-content\/uploads\/2021\/06\/arche-sur-la-terrasse-comment-couper-les-carreaux-de-terrasse-pour-une-terrasse-surelevee-150x150.jpg 150w, https:\/\/ddgro.eu\/wp-content\/uploads\/2021\/06\/arche-sur-la-terrasse-comment-couper-les-carreaux-de-terrasse-pour-une-terrasse-surelevee-768x767.jpg 768w\" sizes=\"(max-width: 800px) 100vw, 800px\" \/><\/a><\/figure><\/li><li class=\"blocks-gallery-item\"><figure><a href=\"https:\/\/ddgro.eu\/wp-content\/uploads\/2021\/06\/terrasse-ventilee-ronde-avec-une-arche-comment-la-monter.jpg\"><img decoding=\"async\" width=\"800\" height=\"452\" src=\"https:\/\/ddgro.eu\/wp-content\/uploads\/2021\/06\/terrasse-ventilee-ronde-avec-une-arche-comment-la-monter.jpg\" alt=\"Terrasse ventil\u00e9e sur supports, ronde avec une arche, comment la monter\" data-id=\"58243\" data-full-url=\"https:\/\/ddgro.eu\/wp-content\/uploads\/2021\/06\/terrasse-ventilee-ronde-avec-une-arche-comment-la-monter.jpg\" data-link=\"https:\/\/ddgro.eu\/fr\/?attachment_id=58243\" class=\"wp-image-58243\" srcset=\"https:\/\/ddgro.eu\/wp-content\/uploads\/2021\/06\/terrasse-ventilee-ronde-avec-une-arche-comment-la-monter.jpg 800w, https:\/\/ddgro.eu\/wp-content\/uploads\/2021\/06\/terrasse-ventilee-ronde-avec-une-arche-comment-la-monter-300x170.jpg 300w, https:\/\/ddgro.eu\/wp-content\/uploads\/2021\/06\/terrasse-ventilee-ronde-avec-une-arche-comment-la-monter-768x434.jpg 768w\" sizes=\"(max-width: 800px) 100vw, 800px\" \/><\/a><\/figure><\/li><\/ul><\/figure>\n\n\n\n<h2 class=\"wp-block-heading\">F. Et si sur la terrasse nous avons un drain de toit ou un autre trou que nous devons surmonter?<\/h2>\n\n\n\n<p>La sortie de toit est g\u00e9n\u00e9ralement situ\u00e9e au point le plus bas de la terrasse. En raison du panier, les supports DDP ne peuvent pas \u00eatre plac\u00e9s directement sur la rainure. Le remplacement doit \u00eatre effectu\u00e9 en pla\u00e7ant les supports DDP \u00e0 c\u00f4t\u00e9 de la sortie de toit, sur laquelle la dalle est pos\u00e9e, sur laquelle est plac\u00e9 le support DDP cible supportant les dalles de terrasse.<\/p>\n\n\n\n<figure class=\"wp-block-gallery columns-2 is-cropped wp-block-gallery-10 is-layout-flex wp-block-gallery-is-layout-flex\"><ul class=\"blocks-gallery-grid\"><li class=\"blocks-gallery-item\"><figure><a href=\"https:\/\/ddgro.eu\/wp-content\/uploads\/2021\/06\/sortie-deau-sur-la-terrasse-ventilee-Toit-terrasse-en-dalles.png\"><img decoding=\"async\" width=\"757\" height=\"734\" src=\"https:\/\/ddgro.eu\/wp-content\/uploads\/2021\/06\/sortie-deau-sur-la-terrasse-ventilee-Toit-terrasse-en-dalles.png\" alt=\"surmonter la sortie de toit avec des plots r\u00e9glables de terrasse sur la terrasse sur\u00e9lev\u00e9e\" data-id=\"58208\" data-full-url=\"https:\/\/ddgro.eu\/wp-content\/uploads\/2021\/06\/sortie-deau-sur-la-terrasse-ventilee-Toit-terrasse-en-dalles.png\" data-link=\"https:\/\/ddgro.eu\/fr\/?attachment_id=58208\" class=\"wp-image-58208\" srcset=\"https:\/\/ddgro.eu\/wp-content\/uploads\/2021\/06\/sortie-deau-sur-la-terrasse-ventilee-Toit-terrasse-en-dalles.png 757w, https:\/\/ddgro.eu\/wp-content\/uploads\/2021\/06\/sortie-deau-sur-la-terrasse-ventilee-Toit-terrasse-en-dalles-300x291.png 300w\" sizes=\"(max-width: 757px) 100vw, 757px\" \/><\/a><\/figure><\/li><li class=\"blocks-gallery-item\"><figure><a href=\"https:\/\/ddgro.eu\/wp-content\/uploads\/2021\/06\/installation-de-plaques-en-ceramique-sur-des-plots-reglable-au-dessus-de-la-sortie-de-toit.jpg\"><img decoding=\"async\" width=\"800\" height=\"601\" src=\"https:\/\/ddgro.eu\/wp-content\/uploads\/2021\/06\/installation-de-plaques-en-ceramique-sur-des-plots-reglable-au-dessus-de-la-sortie-de-toit.jpg\" alt=\"terrasse ventil\u00e9e pose de panneaux au dessus de la sortie de toiture sur supports de terrasse\" data-id=\"58128\" data-full-url=\"https:\/\/ddgro.eu\/wp-content\/uploads\/2021\/06\/installation-de-plaques-en-ceramique-sur-des-plots-reglable-au-dessus-de-la-sortie-de-toit.jpg\" data-link=\"https:\/\/ddgro.eu\/fr\/?attachment_id=58128\" class=\"wp-image-58128\" srcset=\"https:\/\/ddgro.eu\/wp-content\/uploads\/2021\/06\/installation-de-plaques-en-ceramique-sur-des-plots-reglable-au-dessus-de-la-sortie-de-toit.jpg 800w, https:\/\/ddgro.eu\/wp-content\/uploads\/2021\/06\/installation-de-plaques-en-ceramique-sur-des-plots-reglable-au-dessus-de-la-sortie-de-toit-300x225.jpg 300w, https:\/\/ddgro.eu\/wp-content\/uploads\/2021\/06\/installation-de-plaques-en-ceramique-sur-des-plots-reglable-au-dessus-de-la-sortie-de-toit-768x577.jpg 768w\" sizes=\"(max-width: 800px) 100vw, 800px\" \/><\/a><\/figure><\/li><\/ul><\/figure>\n\n\n\n<figure class=\"wp-block-pullquote\"><blockquote><p>Et maintenant un peu comment monter une terrasse sur\u00e9lev\u00e9e sur solives - c'est-\u00e0-dire une terrasse traditionnelle en bois sur des plots r\u00e9glables.<\/p><\/blockquote><\/figure>\n\n\n\n<h3 class=\"wp-block-heading\">1. Planifier l'espace<\/h3>\n\n\n\n<p>Faites un plan pour le placement des supports, en accordant une attention particuli\u00e8re aux endroits tels que les coins, les seuils, les portes. L'espacement des plots r\u00e9glables d\u00e9pend de la taille de la section de la poutrelle et du poids de la terrasse. Une cha\u00eene est utile pour tracer des lignes droites.<\/p>\n\n\n\n<figure class=\"wp-block-gallery columns-2 is-cropped wp-block-gallery-11 is-layout-flex wp-block-gallery-is-layout-flex\"><ul class=\"blocks-gallery-grid\"><li class=\"blocks-gallery-item\"><figure><a href=\"https:\/\/ddgro.eu\/wp-content\/uploads\/2021\/06\/terrasse-ventilee-en-solives-bois-ou-composites.png\"><img decoding=\"async\" width=\"733\" height=\"336\" src=\"https:\/\/ddgro.eu\/wp-content\/uploads\/2021\/06\/terrasse-ventilee-en-solives-bois-ou-composites.png\" alt=\"disposition des \u00e9querres sur la dalle de terrasse sur\u00e9lev\u00e9e\" data-id=\"58233\" data-full-url=\"https:\/\/ddgro.eu\/wp-content\/uploads\/2021\/06\/terrasse-ventilee-en-solives-bois-ou-composites.png\" data-link=\"https:\/\/ddgro.eu\/fr\/?attachment_id=58233\" class=\"wp-image-58233\" srcset=\"https:\/\/ddgro.eu\/wp-content\/uploads\/2021\/06\/terrasse-ventilee-en-solives-bois-ou-composites.png 733w, https:\/\/ddgro.eu\/wp-content\/uploads\/2021\/06\/terrasse-ventilee-en-solives-bois-ou-composites-300x138.png 300w\" sizes=\"(max-width: 733px) 100vw, 733px\" \/><\/a><\/figure><\/li><li class=\"blocks-gallery-item\"><figure><a href=\"https:\/\/ddgro.eu\/wp-content\/uploads\/2021\/06\/amenagement-de-lespace-de-la-surface-de-terrasse-ventilee-avant-montage.jpg\"><img decoding=\"async\" width=\"800\" height=\"600\" src=\"https:\/\/ddgro.eu\/wp-content\/uploads\/2021\/06\/amenagement-de-lespace-de-la-surface-de-terrasse-ventilee-avant-montage.jpg\" alt=\"am\u00e9nagement de l'espace pour une terrasse ventil\u00e9e avant installation \" data-id=\"58063\" data-full-url=\"https:\/\/ddgro.eu\/wp-content\/uploads\/2021\/06\/amenagement-de-lespace-de-la-surface-de-terrasse-ventilee-avant-montage.jpg\" data-link=\"https:\/\/ddgro.eu\/fr\/?attachment_id=58063\" class=\"wp-image-58063\" srcset=\"https:\/\/ddgro.eu\/wp-content\/uploads\/2021\/06\/amenagement-de-lespace-de-la-surface-de-terrasse-ventilee-avant-montage.jpg 800w, https:\/\/ddgro.eu\/wp-content\/uploads\/2021\/06\/amenagement-de-lespace-de-la-surface-de-terrasse-ventilee-avant-montage-300x225.jpg 300w, https:\/\/ddgro.eu\/wp-content\/uploads\/2021\/06\/amenagement-de-lespace-de-la-surface-de-terrasse-ventilee-avant-montage-768x576.jpg 768w\" sizes=\"(max-width: 800px) 100vw, 800px\" \/><\/a><\/figure><\/li><\/ul><\/figure>\n\n\n\n<h3 class=\"wp-block-heading\">2. Disposition des plots r\u00e9glables<\/h3>\n\n\n\n<p>Pr\u00e9parez les supports en pla\u00e7ant des entretoises dans le boulon pour qu'elles correspondent \u00e0 la largeur de la solive ou des adaptateurs de solive. Placez les supports aux bons endroits. Si le sol n'est pas de niveau, utilisez des plots r\u00e9glables avec une t\u00eate autonivelante<\/p>\n\n\n\n<figure class=\"wp-block-gallery columns-2 is-cropped wp-block-gallery-12 is-layout-flex wp-block-gallery-is-layout-flex\"><ul class=\"blocks-gallery-grid\"><li class=\"blocks-gallery-item\"><figure><a href=\"https:\/\/ddgro.eu\/wp-content\/uploads\/2021\/06\/disposition-des-entretoises-sous-les-solives-sous-la-terrasse-surelevee.jpg\"><img decoding=\"async\" width=\"400\" height=\"193\" src=\"https:\/\/ddgro.eu\/wp-content\/uploads\/2021\/06\/disposition-des-entretoises-sous-les-solives-sous-la-terrasse-surelevee.jpg\" alt=\"disposition des plots r\u00e9glables sous la terrasse sur\u00e9lev\u00e9e sur plots r\u00e9glables de terrasse\" data-id=\"58113\" data-full-url=\"https:\/\/ddgro.eu\/wp-content\/uploads\/2021\/06\/disposition-des-entretoises-sous-les-solives-sous-la-terrasse-surelevee.jpg\" data-link=\"https:\/\/ddgro.eu\/fr\/?attachment_id=58113\" class=\"wp-image-58113\" srcset=\"https:\/\/ddgro.eu\/wp-content\/uploads\/2021\/06\/disposition-des-entretoises-sous-les-solives-sous-la-terrasse-surelevee.jpg 400w, https:\/\/ddgro.eu\/wp-content\/uploads\/2021\/06\/disposition-des-entretoises-sous-les-solives-sous-la-terrasse-surelevee-300x145.jpg 300w\" sizes=\"(max-width: 400px) 100vw, 400px\" \/><\/a><\/figure><\/li><li class=\"blocks-gallery-item\"><figure><a href=\"https:\/\/ddgro.eu\/wp-content\/uploads\/2021\/06\/placement-des-plots-reglables-sur-le-substrat-prepare-de-la-terrasse-ventilee.jpg\"><img decoding=\"async\" width=\"600\" height=\"800\" src=\"https:\/\/ddgro.eu\/wp-content\/uploads\/2021\/06\/placement-des-plots-reglables-sur-le-substrat-prepare-de-la-terrasse-ventilee.jpg\" alt=\"placement des supports de terrasse lors de l'installation d'une terrasse ventil\u00e9e sur le toit \" data-id=\"58163\" data-full-url=\"https:\/\/ddgro.eu\/wp-content\/uploads\/2021\/06\/placement-des-plots-reglables-sur-le-substrat-prepare-de-la-terrasse-ventilee.jpg\" data-link=\"https:\/\/ddgro.eu\/fr\/?attachment_id=58163\" class=\"wp-image-58163\" srcset=\"https:\/\/ddgro.eu\/wp-content\/uploads\/2021\/06\/placement-des-plots-reglables-sur-le-substrat-prepare-de-la-terrasse-ventilee.jpg 600w, https:\/\/ddgro.eu\/wp-content\/uploads\/2021\/06\/placement-des-plots-reglables-sur-le-substrat-prepare-de-la-terrasse-ventilee-225x300.jpg 225w\" sizes=\"(max-width: 600px) 100vw, 600px\" \/><\/a><\/figure><\/li><\/ul><\/figure>\n\n\n\n<h3 class=\"wp-block-heading\">3. La pose des solives peut se faire de deux mani\u00e8res diff\u00e9rentes.<\/h3>\n\n\n\n<h3 class=\"wp-block-heading\">3.1. Sur supports de terrasse avec entretoises<\/h3>\n\n\n\n<p>Placez les solives sur les supports et nivelez-les. Utilisez les \u00e9crous pour r\u00e9gler les plots r\u00e9glables \u00e0 la bonne hauteur.<\/p>\n\n\n\n<h3 class=\"wp-block-heading\">3.2. Sur plots r\u00e9glables de terrasse avec adaptateurs de solive<\/h3>\n\n\n\n<p>Placez les solives sur les plots r\u00e9glables et nivelez-les. Utilisez les \u00e9crous pour r\u00e9gler les&nbsp; plots r\u00e9glables \u00e0 la bonne hauteur. Fixez les solives aux adaptateurs avec des vis<\/p>\n\n\n\n<figure class=\"wp-block-gallery columns-2 is-cropped wp-block-gallery-13 is-layout-flex wp-block-gallery-is-layout-flex\"><ul class=\"blocks-gallery-grid\"><li class=\"blocks-gallery-item\"><figure><img decoding=\"async\" width=\"709\" height=\"350\" src=\"https:\/\/ddgro.eu\/wp-content\/uploads\/2021\/06\/pose-de-solives-sur-la-terrasse-ventilee-sur-plots-de-terrasse-reglables.png\" alt=\"pose de lambourdes sur plots r\u00e9glables avec distance papillons\" data-id=\"58183\" data-full-url=\"https:\/\/ddgro.eu\/wp-content\/uploads\/2021\/06\/pose-de-solives-sur-la-terrasse-ventilee-sur-plots-de-terrasse-reglables.png\" data-link=\"https:\/\/ddgro.eu\/fr\/?attachment_id=58183\" class=\"wp-image-58183\" srcset=\"https:\/\/ddgro.eu\/wp-content\/uploads\/2021\/06\/pose-de-solives-sur-la-terrasse-ventilee-sur-plots-de-terrasse-reglables.png 709w, https:\/\/ddgro.eu\/wp-content\/uploads\/2021\/06\/pose-de-solives-sur-la-terrasse-ventilee-sur-plots-de-terrasse-reglables-300x148.png 300w\" sizes=\"(max-width: 709px) 100vw, 709px\" \/><\/figure><\/li><li class=\"blocks-gallery-item\"><figure><img decoding=\"async\" width=\"800\" height=\"379\" src=\"https:\/\/ddgro.eu\/wp-content\/uploads\/2021\/06\/pose-de-lambourdes-sur-plots-reglables-de-terrasse-avec-vantaux-joints.jpg\" alt=\"pose de solives sur supports avec entretoise papillons\" data-id=\"58178\" data-full-url=\"https:\/\/ddgro.eu\/wp-content\/uploads\/2021\/06\/pose-de-lambourdes-sur-plots-reglables-de-terrasse-avec-vantaux-joints.jpg\" data-link=\"https:\/\/ddgro.eu\/fr\/?attachment_id=58178\" class=\"wp-image-58178\" srcset=\"https:\/\/ddgro.eu\/wp-content\/uploads\/2021\/06\/pose-de-lambourdes-sur-plots-reglables-de-terrasse-avec-vantaux-joints.jpg 800w, https:\/\/ddgro.eu\/wp-content\/uploads\/2021\/06\/pose-de-lambourdes-sur-plots-reglables-de-terrasse-avec-vantaux-joints-300x142.jpg 300w, https:\/\/ddgro.eu\/wp-content\/uploads\/2021\/06\/pose-de-lambourdes-sur-plots-reglables-de-terrasse-avec-vantaux-joints-768x364.jpg 768w\" sizes=\"(max-width: 800px) 100vw, 800px\" \/><\/figure><\/li><li class=\"blocks-gallery-item\"><figure><img decoding=\"async\" width=\"725\" height=\"375\" src=\"https:\/\/ddgro.eu\/wp-content\/uploads\/2021\/06\/pose-de-solives-sur-terrasse-ventilee-sur-plots-reglables-de-terrasse-avec-adaptateurs.png\" alt=\"pose des solives sur les plots r\u00e9glables avec adaptateurs pour le vissage des solives\" data-id=\"58188\" data-full-url=\"https:\/\/ddgro.eu\/wp-content\/uploads\/2021\/06\/pose-de-solives-sur-terrasse-ventilee-sur-plots-reglables-de-terrasse-avec-adaptateurs.png\" data-link=\"https:\/\/ddgro.eu\/fr\/?attachment_id=58188\" class=\"wp-image-58188\" srcset=\"https:\/\/ddgro.eu\/wp-content\/uploads\/2021\/06\/pose-de-solives-sur-terrasse-ventilee-sur-plots-reglables-de-terrasse-avec-adaptateurs.png 725w, https:\/\/ddgro.eu\/wp-content\/uploads\/2021\/06\/pose-de-solives-sur-terrasse-ventilee-sur-plots-reglables-de-terrasse-avec-adaptateurs-300x155.png 300w\" sizes=\"(max-width: 725px) 100vw, 725px\" \/><\/figure><\/li><li class=\"blocks-gallery-item\"><figure><img decoding=\"async\" width=\"800\" height=\"450\" src=\"https:\/\/ddgro.eu\/wp-content\/uploads\/2021\/06\/pose-de-lambourdes-en-bois-sur-plots-de-terrasse-reglables-avec-adaptateur.jpg\" alt=\" pose de poutrelles sur supports avec adaptateurs pour torsion de poutrelles\" data-id=\"58173\" data-full-url=\"https:\/\/ddgro.eu\/wp-content\/uploads\/2021\/06\/pose-de-lambourdes-en-bois-sur-plots-de-terrasse-reglables-avec-adaptateur.jpg\" data-link=\"https:\/\/ddgro.eu\/fr\/?attachment_id=58173\" class=\"wp-image-58173\" srcset=\"https:\/\/ddgro.eu\/wp-content\/uploads\/2021\/06\/pose-de-lambourdes-en-bois-sur-plots-de-terrasse-reglables-avec-adaptateur.jpg 800w, https:\/\/ddgro.eu\/wp-content\/uploads\/2021\/06\/pose-de-lambourdes-en-bois-sur-plots-de-terrasse-reglables-avec-adaptateur-300x169.jpg 300w, https:\/\/ddgro.eu\/wp-content\/uploads\/2021\/06\/pose-de-lambourdes-en-bois-sur-plots-de-terrasse-reglables-avec-adaptateur-768x432.jpg 768w\" sizes=\"(max-width: 800px) 100vw, 800px\" \/><\/figure><\/li><\/ul><\/figure>\n\n\n\n<h3 class=\"wp-block-heading\">4. Et l'\u00e9l\u00e9ment final - le serrage des lames de terrasse sur la terrasse sur\u00e9lev\u00e9e<\/h3>\n\n\n\n<p>Le serrage se fait de la m\u00eame mani\u00e8re, que ce soit sur des supports avec entretoises ou sur des supports avec adaptateurs pour solives.<\/p>\n\n\n\n<figure class=\"wp-block-gallery columns-2 is-cropped wp-block-gallery-14 is-layout-flex wp-block-gallery-is-layout-flex\"><ul class=\"blocks-gallery-grid\"><li class=\"blocks-gallery-item\"><figure><a href=\"https:\/\/ddgro.eu\/wp-content\/uploads\/2021\/06\/pose-dune-terrasse-en-bois-sur-plots-reglable-de-terrasse-avec-adaptateurs-et-coulis-papillons.png\"><img decoding=\"async\" width=\"760\" height=\"794\" src=\"https:\/\/ddgro.eu\/wp-content\/uploads\/2021\/06\/pose-dune-terrasse-en-bois-sur-plots-reglable-de-terrasse-avec-adaptateurs-et-coulis-papillons.png\" alt=\"vissage des planches aux solives sur les plots r\u00e9glables de terrasse\" data-id=\"58193\" data-full-url=\"https:\/\/ddgro.eu\/wp-content\/uploads\/2021\/06\/pose-dune-terrasse-en-bois-sur-plots-reglable-de-terrasse-avec-adaptateurs-et-coulis-papillons.png\" data-link=\"https:\/\/ddgro.eu\/fr\/?attachment_id=58193\" class=\"wp-image-58193\" srcset=\"https:\/\/ddgro.eu\/wp-content\/uploads\/2021\/06\/pose-dune-terrasse-en-bois-sur-plots-reglable-de-terrasse-avec-adaptateurs-et-coulis-papillons.png 760w, https:\/\/ddgro.eu\/wp-content\/uploads\/2021\/06\/pose-dune-terrasse-en-bois-sur-plots-reglable-de-terrasse-avec-adaptateurs-et-coulis-papillons-287x300.png 287w\" sizes=\"(max-width: 760px) 100vw, 760px\" \/><\/a><\/figure><\/li><li class=\"blocks-gallery-item\"><figure><a href=\"https:\/\/ddgro.eu\/wp-content\/uploads\/2021\/06\/serrage-des-planches-de-la-terrasse-ventilee-sur-un-plot-reglable-assemblage.jpg\"><img decoding=\"async\" width=\"800\" height=\"450\" src=\"https:\/\/ddgro.eu\/wp-content\/uploads\/2021\/06\/serrage-des-planches-de-la-terrasse-ventilee-sur-un-plot-reglable-assemblage.jpg\" alt=\"vissage de planches de bois \u00e0 la sous-structure pr\u00e9par\u00e9e sur les solives et les supports de terrasse\" data-id=\"58203\" data-full-url=\"https:\/\/ddgro.eu\/wp-content\/uploads\/2021\/06\/serrage-des-planches-de-la-terrasse-ventilee-sur-un-plot-reglable-assemblage.jpg\" data-link=\"https:\/\/ddgro.eu\/fr\/?attachment_id=58203\" class=\"wp-image-58203\" srcset=\"https:\/\/ddgro.eu\/wp-content\/uploads\/2021\/06\/serrage-des-planches-de-la-terrasse-ventilee-sur-un-plot-reglable-assemblage.jpg 800w, https:\/\/ddgro.eu\/wp-content\/uploads\/2021\/06\/serrage-des-planches-de-la-terrasse-ventilee-sur-un-plot-reglable-assemblage-300x169.jpg 300w, https:\/\/ddgro.eu\/wp-content\/uploads\/2021\/06\/serrage-des-planches-de-la-terrasse-ventilee-sur-un-plot-reglable-assemblage-768x432.jpg 768w\" sizes=\"(max-width: 800px) 100vw, 800px\" \/><\/a><\/figure><\/li><\/ul><\/figure>\n\n\n\n<p><strong>La terrasse est pr\u00eate.<\/strong><\/p>\n\n\n\n<p><strong>Et comment? \u00c9tait-ce facile, rapide et amusant ?<\/strong><\/p>\n\n\n\n<p><strong>Si vous avez d'autres questions Ou peut-\u00eatre que votre terrasse n'est pas dans les exemples ci-dessus ?<\/strong><\/p>\n\n\n\n<p><a href=\"https:\/\/ddgro.eu\/fr\/contact\/\"><strong>contactez-nous - nous vous aiderons \u00e0 r\u00e9soudre vos probl\u00e8mes<\/strong><\/a><\/p>\n\n\n\n<p><em>Mis \u00e0 jour le 06.2021<\/em><\/p>\n","protected":false},"excerpt":{"rendered":"<p>La pose des dalles de terrasse sur les socles est tr\u00e8s simple par rapport aux syst\u00e8mes d'assemblage traditionnels.<br \/>\nComment construire un tel takas?<br \/>\nNous en parlerons plus tard. Maintenant quelques mots qu'est-ce qu'une terrasse ventil\u00e9e?<\/p>\n","protected":false},"author":10,"featured_media":58363,"comment_status":"closed","ping_status":"closed","sticky":false,"template":"","format":"standard","meta":{"_acf_changed":false,"footnotes":""},"categories":[376],"tags":[],"post_folder":[],"acf":[],"yoast_head":"<!-- This site is optimized with the Yoast SEO plugin v22.2 - https:\/\/yoast.com\/wordpress\/plugins\/seo\/ -->\n<title>Pas \u00e0 pas pose des dalles de terrasse sur stands \u2022\u2022\u2022 DD Group<\/title>\n<meta name=\"description\" content=\"La pose des dalles de terrasse sur les socles est tr\u00e8s simple par rapport aux syst\u00e8mes d&#039;assemblage traditionnels. Comment construire un tel takas? Nous en parlerons plus tard. Maintenant quelques mots qu&#039;est-ce qu&#039;une terrasse ventil\u00e9e? \u2022\u2022\u2022 DD Group\" \/>\n<meta name=\"robots\" content=\"index, follow, max-snippet:-1, max-image-preview:large, max-video-preview:-1\" \/>\n<link rel=\"canonical\" href=\"https:\/\/ddgro.eu\/fr\/blog\/pose-des-dalles-de-terrasse-sur-stands\/\" \/>\n<meta property=\"og:locale\" content=\"fr_FR\" \/>\n<meta property=\"og:type\" content=\"article\" \/>\n<meta property=\"og:title\" content=\"Pas \u00e0 pas pose des dalles de terrasse sur stands \u2022\u2022\u2022 DD Group\" \/>\n<meta property=\"og:description\" content=\"La pose des dalles de terrasse sur les socles est tr\u00e8s simple par rapport aux syst\u00e8mes d&#039;assemblage traditionnels. Comment construire un tel takas? Nous en parlerons plus tard. Maintenant quelques mots qu&#039;est-ce qu&#039;une terrasse ventil\u00e9e? \u2022\u2022\u2022 DD Group\" \/>\n<meta property=\"og:url\" content=\"https:\/\/ddgro.eu\/fr\/blog\/pose-des-dalles-de-terrasse-sur-stands\/\" \/>\n<meta property=\"og:site_name\" content=\"DD GROUP\" \/>\n<meta property=\"article:publisher\" content=\"https:\/\/www.facebook.com\/ddpedestals\" \/>\n<meta property=\"article:published_time\" content=\"2021-06-11T12:05:35+00:00\" \/>\n<meta property=\"article:modified_time\" content=\"2021-06-21T10:47:54+00:00\" \/>\n<meta property=\"og:image\" content=\"https:\/\/ddgro.eu\/wp-content\/uploads\/2021\/06\/Comment-pose-de-dalles-de-terrasse-sur-stands-etape-par-etape.jpg\" \/>\n\t<meta property=\"og:image:width\" content=\"800\" \/>\n\t<meta property=\"og:image:height\" content=\"389\" \/>\n\t<meta property=\"og:image:type\" content=\"image\/jpeg\" \/>\n<meta name=\"author\" content=\"Aleksandra Pankowska\" \/>\n<meta name=\"twitter:label1\" content=\"\u00c9crit par\" \/>\n\t<meta name=\"twitter:data1\" content=\"Aleksandra Pankowska\" \/>\n\t<meta name=\"twitter:label2\" content=\"Dur\u00e9e de lecture estim\u00e9e\" \/>\n\t<meta name=\"twitter:data2\" content=\"16 minutes\" \/>\n<script type=\"application\/ld+json\" class=\"yoast-schema-graph\">{\"@context\":\"https:\/\/schema.org\",\"@graph\":[{\"@type\":\"Article\",\"@id\":\"https:\/\/ddgro.eu\/fr\/blog\/pose-des-dalles-de-terrasse-sur-stands\/#article\",\"isPartOf\":{\"@id\":\"https:\/\/ddgro.eu\/fr\/blog\/pose-des-dalles-de-terrasse-sur-stands\/\"},\"author\":{\"name\":\"Aleksandra Pankowska\",\"@id\":\"https:\/\/ddgro.eu\/fr\/#\/schema\/person\/61c2f2d740eca427ceb27590540a60e1\"},\"headline\":\"Pas \u00e0 pas pose des dalles de terrasse sur stands\",\"datePublished\":\"2021-06-11T12:05:35+00:00\",\"dateModified\":\"2021-06-21T10:47:54+00:00\",\"mainEntityOfPage\":{\"@id\":\"https:\/\/ddgro.eu\/fr\/blog\/pose-des-dalles-de-terrasse-sur-stands\/\"},\"wordCount\":1745,\"publisher\":{\"@id\":\"https:\/\/ddgro.eu\/fr\/#organization\"},\"image\":{\"@id\":\"https:\/\/ddgro.eu\/fr\/blog\/pose-des-dalles-de-terrasse-sur-stands\/#primaryimage\"},\"thumbnailUrl\":\"https:\/\/ddgro.eu\/wp-content\/uploads\/2021\/06\/Comment-pose-de-dalles-de-terrasse-sur-stands-etape-par-etape.jpg\",\"articleSection\":[\"La technologie\"],\"inLanguage\":\"fr-FR\"},{\"@type\":\"WebPage\",\"@id\":\"https:\/\/ddgro.eu\/fr\/blog\/pose-des-dalles-de-terrasse-sur-stands\/\",\"url\":\"https:\/\/ddgro.eu\/fr\/blog\/pose-des-dalles-de-terrasse-sur-stands\/\",\"name\":\"Pas \u00e0 pas pose des dalles de terrasse sur stands \u2022\u2022\u2022 DD Group\",\"isPartOf\":{\"@id\":\"https:\/\/ddgro.eu\/fr\/#website\"},\"primaryImageOfPage\":{\"@id\":\"https:\/\/ddgro.eu\/fr\/blog\/pose-des-dalles-de-terrasse-sur-stands\/#primaryimage\"},\"image\":{\"@id\":\"https:\/\/ddgro.eu\/fr\/blog\/pose-des-dalles-de-terrasse-sur-stands\/#primaryimage\"},\"thumbnailUrl\":\"https:\/\/ddgro.eu\/wp-content\/uploads\/2021\/06\/Comment-pose-de-dalles-de-terrasse-sur-stands-etape-par-etape.jpg\",\"datePublished\":\"2021-06-11T12:05:35+00:00\",\"dateModified\":\"2021-06-21T10:47:54+00:00\",\"description\":\"La pose des dalles de terrasse sur les socles est tr\u00e8s simple par rapport aux syst\u00e8mes d'assemblage traditionnels. Comment construire un tel takas? Nous en parlerons plus tard. Maintenant quelques mots qu'est-ce qu'une terrasse ventil\u00e9e? \u2022\u2022\u2022 DD Group\",\"breadcrumb\":{\"@id\":\"https:\/\/ddgro.eu\/fr\/blog\/pose-des-dalles-de-terrasse-sur-stands\/#breadcrumb\"},\"inLanguage\":\"fr-FR\",\"potentialAction\":[{\"@type\":\"ReadAction\",\"target\":[\"https:\/\/ddgro.eu\/fr\/blog\/pose-des-dalles-de-terrasse-sur-stands\/\"]}]},{\"@type\":\"ImageObject\",\"inLanguage\":\"fr-FR\",\"@id\":\"https:\/\/ddgro.eu\/fr\/blog\/pose-des-dalles-de-terrasse-sur-stands\/#primaryimage\",\"url\":\"https:\/\/ddgro.eu\/wp-content\/uploads\/2021\/06\/Comment-pose-de-dalles-de-terrasse-sur-stands-etape-par-etape.jpg\",\"contentUrl\":\"https:\/\/ddgro.eu\/wp-content\/uploads\/2021\/06\/Comment-pose-de-dalles-de-terrasse-sur-stands-etape-par-etape.jpg\",\"width\":800,\"height\":389,\"caption\":\"pose de dalles de terrasse sur stands. Instructions sur la fa\u00e7on de proc\u00e9der.\"},{\"@type\":\"BreadcrumbList\",\"@id\":\"https:\/\/ddgro.eu\/fr\/blog\/pose-des-dalles-de-terrasse-sur-stands\/#breadcrumb\",\"itemListElement\":[{\"@type\":\"ListItem\",\"position\":1,\"name\":\"Page d'accueil\",\"item\":\"https:\/\/ddgro.eu\/fr\/\"},{\"@type\":\"ListItem\",\"position\":2,\"name\":\"Pas \u00e0 pas pose des dalles de terrasse sur stands\"}]},{\"@type\":\"WebSite\",\"@id\":\"https:\/\/ddgro.eu\/fr\/#website\",\"url\":\"https:\/\/ddgro.eu\/fr\/\",\"name\":\"DD GROUP\",\"description\":\"\",\"publisher\":{\"@id\":\"https:\/\/ddgro.eu\/fr\/#organization\"},\"potentialAction\":[{\"@type\":\"SearchAction\",\"target\":{\"@type\":\"EntryPoint\",\"urlTemplate\":\"https:\/\/ddgro.eu\/fr\/?s={search_term_string}\"},\"query-input\":\"required name=search_term_string\"}],\"inLanguage\":\"fr-FR\"},{\"@type\":\"Organization\",\"@id\":\"https:\/\/ddgro.eu\/fr\/#organization\",\"name\":\"Deck-Dry Polska sp. z o.o.\",\"url\":\"https:\/\/ddgro.eu\/fr\/\",\"logo\":{\"@type\":\"ImageObject\",\"inLanguage\":\"fr-FR\",\"@id\":\"https:\/\/ddgro.eu\/fr\/#\/schema\/logo\/image\/\",\"url\":\"https:\/\/ddgro.eu\/wp-content\/uploads\/2018\/05\/logo-nowe-dd.png\",\"contentUrl\":\"https:\/\/ddgro.eu\/wp-content\/uploads\/2018\/05\/logo-nowe-dd.png\",\"width\":\"343\",\"height\":\"72\",\"caption\":\"Deck-Dry Polska sp. z o.o.\"},\"image\":{\"@id\":\"https:\/\/ddgro.eu\/fr\/#\/schema\/logo\/image\/\"},\"sameAs\":[\"https:\/\/www.facebook.com\/ddpedestals\",\"https:\/\/www.linkedin.com\/company\/dd-pedestals\/\",\"https:\/\/www.instagram.com\/ddpedestals\/\"]},{\"@type\":\"Person\",\"@id\":\"https:\/\/ddgro.eu\/fr\/#\/schema\/person\/61c2f2d740eca427ceb27590540a60e1\",\"name\":\"Aleksandra Pankowska\",\"image\":{\"@type\":\"ImageObject\",\"inLanguage\":\"fr-FR\",\"@id\":\"https:\/\/ddgro.eu\/fr\/#\/schema\/person\/image\/\",\"url\":\"https:\/\/secure.gravatar.com\/avatar\/c345efba3a86983bb1a948d446acfbef?s=96&d=mm&r=g\",\"contentUrl\":\"https:\/\/secure.gravatar.com\/avatar\/c345efba3a86983bb1a948d446acfbef?s=96&d=mm&r=g\",\"caption\":\"Aleksandra Pankowska\"}}]}<\/script>\n<!-- \/ Yoast SEO plugin. -->","yoast_head_json":{"title":"Pas \u00e0 pas pose des dalles de terrasse sur stands \u2022\u2022\u2022 DD Group","description":"La pose des dalles de terrasse sur les socles est tr\u00e8s simple par rapport aux syst\u00e8mes d'assemblage traditionnels. Comment construire un tel takas? Nous en parlerons plus tard. Maintenant quelques mots qu'est-ce qu'une terrasse ventil\u00e9e? \u2022\u2022\u2022 DD Group","robots":{"index":"index","follow":"follow","max-snippet":"max-snippet:-1","max-image-preview":"max-image-preview:large","max-video-preview":"max-video-preview:-1"},"canonical":"https:\/\/ddgro.eu\/fr\/blog\/pose-des-dalles-de-terrasse-sur-stands\/","og_locale":"fr_FR","og_type":"article","og_title":"Pas \u00e0 pas pose des dalles de terrasse sur stands \u2022\u2022\u2022 DD Group","og_description":"La pose des dalles de terrasse sur les socles est tr\u00e8s simple par rapport aux syst\u00e8mes d'assemblage traditionnels. Comment construire un tel takas? Nous en parlerons plus tard. Maintenant quelques mots qu'est-ce qu'une terrasse ventil\u00e9e? \u2022\u2022\u2022 DD Group","og_url":"https:\/\/ddgro.eu\/fr\/blog\/pose-des-dalles-de-terrasse-sur-stands\/","og_site_name":"DD GROUP","article_publisher":"https:\/\/www.facebook.com\/ddpedestals","article_published_time":"2021-06-11T12:05:35+00:00","article_modified_time":"2021-06-21T10:47:54+00:00","og_image":[{"width":800,"height":389,"url":"https:\/\/ddgro.eu\/wp-content\/uploads\/2021\/06\/Comment-pose-de-dalles-de-terrasse-sur-stands-etape-par-etape.jpg","type":"image\/jpeg"}],"author":"Aleksandra Pankowska","twitter_misc":{"\u00c9crit par":"Aleksandra Pankowska","Dur\u00e9e de lecture estim\u00e9e":"16 minutes"},"schema":{"@context":"https:\/\/schema.org","@graph":[{"@type":"Article","@id":"https:\/\/ddgro.eu\/fr\/blog\/pose-des-dalles-de-terrasse-sur-stands\/#article","isPartOf":{"@id":"https:\/\/ddgro.eu\/fr\/blog\/pose-des-dalles-de-terrasse-sur-stands\/"},"author":{"name":"Aleksandra Pankowska","@id":"https:\/\/ddgro.eu\/fr\/#\/schema\/person\/61c2f2d740eca427ceb27590540a60e1"},"headline":"Pas \u00e0 pas pose des dalles de terrasse sur stands","datePublished":"2021-06-11T12:05:35+00:00","dateModified":"2021-06-21T10:47:54+00:00","mainEntityOfPage":{"@id":"https:\/\/ddgro.eu\/fr\/blog\/pose-des-dalles-de-terrasse-sur-stands\/"},"wordCount":1745,"publisher":{"@id":"https:\/\/ddgro.eu\/fr\/#organization"},"image":{"@id":"https:\/\/ddgro.eu\/fr\/blog\/pose-des-dalles-de-terrasse-sur-stands\/#primaryimage"},"thumbnailUrl":"https:\/\/ddgro.eu\/wp-content\/uploads\/2021\/06\/Comment-pose-de-dalles-de-terrasse-sur-stands-etape-par-etape.jpg","articleSection":["La technologie"],"inLanguage":"fr-FR"},{"@type":"WebPage","@id":"https:\/\/ddgro.eu\/fr\/blog\/pose-des-dalles-de-terrasse-sur-stands\/","url":"https:\/\/ddgro.eu\/fr\/blog\/pose-des-dalles-de-terrasse-sur-stands\/","name":"Pas \u00e0 pas pose des dalles de terrasse sur stands \u2022\u2022\u2022 DD Group","isPartOf":{"@id":"https:\/\/ddgro.eu\/fr\/#website"},"primaryImageOfPage":{"@id":"https:\/\/ddgro.eu\/fr\/blog\/pose-des-dalles-de-terrasse-sur-stands\/#primaryimage"},"image":{"@id":"https:\/\/ddgro.eu\/fr\/blog\/pose-des-dalles-de-terrasse-sur-stands\/#primaryimage"},"thumbnailUrl":"https:\/\/ddgro.eu\/wp-content\/uploads\/2021\/06\/Comment-pose-de-dalles-de-terrasse-sur-stands-etape-par-etape.jpg","datePublished":"2021-06-11T12:05:35+00:00","dateModified":"2021-06-21T10:47:54+00:00","description":"La pose des dalles de terrasse sur les socles est tr\u00e8s simple par rapport aux syst\u00e8mes d'assemblage traditionnels. Comment construire un tel takas? Nous en parlerons plus tard. Maintenant quelques mots qu'est-ce qu'une terrasse ventil\u00e9e? \u2022\u2022\u2022 DD Group","breadcrumb":{"@id":"https:\/\/ddgro.eu\/fr\/blog\/pose-des-dalles-de-terrasse-sur-stands\/#breadcrumb"},"inLanguage":"fr-FR","potentialAction":[{"@type":"ReadAction","target":["https:\/\/ddgro.eu\/fr\/blog\/pose-des-dalles-de-terrasse-sur-stands\/"]}]},{"@type":"ImageObject","inLanguage":"fr-FR","@id":"https:\/\/ddgro.eu\/fr\/blog\/pose-des-dalles-de-terrasse-sur-stands\/#primaryimage","url":"https:\/\/ddgro.eu\/wp-content\/uploads\/2021\/06\/Comment-pose-de-dalles-de-terrasse-sur-stands-etape-par-etape.jpg","contentUrl":"https:\/\/ddgro.eu\/wp-content\/uploads\/2021\/06\/Comment-pose-de-dalles-de-terrasse-sur-stands-etape-par-etape.jpg","width":800,"height":389,"caption":"pose de dalles de terrasse sur stands. Instructions sur la fa\u00e7on de proc\u00e9der."},{"@type":"BreadcrumbList","@id":"https:\/\/ddgro.eu\/fr\/blog\/pose-des-dalles-de-terrasse-sur-stands\/#breadcrumb","itemListElement":[{"@type":"ListItem","position":1,"name":"Page d'accueil","item":"https:\/\/ddgro.eu\/fr\/"},{"@type":"ListItem","position":2,"name":"Pas \u00e0 pas pose des dalles de terrasse sur stands"}]},{"@type":"WebSite","@id":"https:\/\/ddgro.eu\/fr\/#website","url":"https:\/\/ddgro.eu\/fr\/","name":"DD GROUP","description":"","publisher":{"@id":"https:\/\/ddgro.eu\/fr\/#organization"},"potentialAction":[{"@type":"SearchAction","target":{"@type":"EntryPoint","urlTemplate":"https:\/\/ddgro.eu\/fr\/?s={search_term_string}"},"query-input":"required name=search_term_string"}],"inLanguage":"fr-FR"},{"@type":"Organization","@id":"https:\/\/ddgro.eu\/fr\/#organization","name":"Deck-Dry Polska sp. z o.o.","url":"https:\/\/ddgro.eu\/fr\/","logo":{"@type":"ImageObject","inLanguage":"fr-FR","@id":"https:\/\/ddgro.eu\/fr\/#\/schema\/logo\/image\/","url":"https:\/\/ddgro.eu\/wp-content\/uploads\/2018\/05\/logo-nowe-dd.png","contentUrl":"https:\/\/ddgro.eu\/wp-content\/uploads\/2018\/05\/logo-nowe-dd.png","width":"343","height":"72","caption":"Deck-Dry Polska sp. z o.o."},"image":{"@id":"https:\/\/ddgro.eu\/fr\/#\/schema\/logo\/image\/"},"sameAs":["https:\/\/www.facebook.com\/ddpedestals","https:\/\/www.linkedin.com\/company\/dd-pedestals\/","https:\/\/www.instagram.com\/ddpedestals\/"]},{"@type":"Person","@id":"https:\/\/ddgro.eu\/fr\/#\/schema\/person\/61c2f2d740eca427ceb27590540a60e1","name":"Aleksandra Pankowska","image":{"@type":"ImageObject","inLanguage":"fr-FR","@id":"https:\/\/ddgro.eu\/fr\/#\/schema\/person\/image\/","url":"https:\/\/secure.gravatar.com\/avatar\/c345efba3a86983bb1a948d446acfbef?s=96&d=mm&r=g","contentUrl":"https:\/\/secure.gravatar.com\/avatar\/c345efba3a86983bb1a948d446acfbef?s=96&d=mm&r=g","caption":"Aleksandra Pankowska"}}]}},"_links":{"self":[{"href":"https:\/\/ddgro.eu\/fr\/wp-json\/wp\/v2\/posts\/58052"}],"collection":[{"href":"https:\/\/ddgro.eu\/fr\/wp-json\/wp\/v2\/posts"}],"about":[{"href":"https:\/\/ddgro.eu\/fr\/wp-json\/wp\/v2\/types\/post"}],"author":[{"embeddable":true,"href":"https:\/\/ddgro.eu\/fr\/wp-json\/wp\/v2\/users\/10"}],"replies":[{"embeddable":true,"href":"https:\/\/ddgro.eu\/fr\/wp-json\/wp\/v2\/comments?post=58052"}],"version-history":[{"count":0,"href":"https:\/\/ddgro.eu\/fr\/wp-json\/wp\/v2\/posts\/58052\/revisions"}],"wp:featuredmedia":[{"embeddable":true,"href":"https:\/\/ddgro.eu\/fr\/wp-json\/wp\/v2\/media\/58363"}],"wp:attachment":[{"href":"https:\/\/ddgro.eu\/fr\/wp-json\/wp\/v2\/media?parent=58052"}],"wp:term":[{"taxonomy":"category","embeddable":true,"href":"https:\/\/ddgro.eu\/fr\/wp-json\/wp\/v2\/categories?post=58052"},{"taxonomy":"post_tag","embeddable":true,"href":"https:\/\/ddgro.eu\/fr\/wp-json\/wp\/v2\/tags?post=58052"},{"taxonomy":"post_folder","embeddable":true,"href":"https:\/\/ddgro.eu\/fr\/wp-json\/wp\/v2\/post_folder?post=58052"}],"curies":[{"name":"wp","href":"https:\/\/api.w.org\/{rel}","templated":true}]}}