{"id":56969,"date":"2021-06-08T13:20:25","date_gmt":"2021-06-08T11:20:25","guid":{"rendered":"https:\/\/ddgro.eu\/?p=56969"},"modified":"2024-01-19T16:03:55","modified_gmt":"2024-01-19T15:03:55","slug":"terrasse-composite-sur-plots-reglables","status":"publish","type":"post","link":"https:\/\/ddgro.eu\/fr\/blog\/terrasse-composite-sur-plots-reglables\/","title":{"rendered":"Terrasse composite sur plots r\u00e9glables dans l'appartement du rez-de-chauss\u00e9e"},"content":{"rendered":"\n<p>Gr\u00e2ce \u00e0 l'utilisation de supports de terrasse, vous pouvez facilement transformer un jardin arri\u00e8re rarement utilis\u00e9 en un endroit id\u00e9al pour passer du temps libre. Vous pouvez installer une terrasse composite sur des plots r\u00e9glables.<\/p>\n\n\n\n<p><strong>Changeons l'espace sous-estim\u00e9 d'une terrasse au rez-de-chauss\u00e9e en une belle terrasse composite en porte-\u00e0-faux.<\/strong><\/p>\n\n\n\n<p>Le niveau de finition des promoteurs en termes de terrasses en rez-de-chauss\u00e9e laisse souvent beaucoup d'ambigu\u00eft\u00e9<\/p>\n\n\n\n<p>Il s'agit g\u00e9n\u00e9ralement de quelques rang\u00e9es de planches ordinaires plac\u00e9es trop bas pour l'appartement. En cons\u00e9quence, les r\u00e9sidents n'utilisent pas cet espace.<\/p>\n\n\n\n<p>C'est dommage, car \u00e0 faible co\u00fbt, ils pourraient offrir \u00e0 leurs clients un espace convivial \u00e0 utiliser.<\/p>\n\n\n\n<figure class=\"wp-block-gallery has-nested-images columns-1 is-cropped wp-block-gallery-1 is-layout-flex wp-block-gallery-is-layout-flex\">\n<figure class=\"wp-block-image size-large\"><a href=\"https:\/\/ddgro.eu\/wp-content\/uploads\/2021\/06\/Espace-sous-estime-sous-terrasse-au-rez-de-chaussee.jpeg\"><img decoding=\"async\" width=\"987\" height=\"740\" data-id=\"56975\" src=\"https:\/\/ddgro.eu\/wp-content\/uploads\/2021\/06\/Espace-sous-estime-sous-terrasse-au-rez-de-chaussee.jpeg\" alt=\"substrat pour une terrasse a\u00e9r\u00e9e au sol\" class=\"wp-image-56975\" srcset=\"https:\/\/ddgro.eu\/wp-content\/uploads\/2021\/06\/Espace-sous-estime-sous-terrasse-au-rez-de-chaussee.jpeg 987w, https:\/\/ddgro.eu\/wp-content\/uploads\/2021\/06\/Espace-sous-estime-sous-terrasse-au-rez-de-chaussee-300x225.jpeg 300w, https:\/\/ddgro.eu\/wp-content\/uploads\/2021\/06\/Espace-sous-estime-sous-terrasse-au-rez-de-chaussee-768x576.jpeg 768w\" sizes=\"(max-width: 987px) 100vw, 987px\" \/><\/a><\/figure>\n\n\n\n<figure class=\"wp-block-image size-large\"><a href=\"https:\/\/ddgro.eu\/wp-content\/uploads\/2021\/06\/Espace-sous-estime-sous-terrasse-dans-un-immeuble-multifamilial.jpeg\"><img decoding=\"async\" width=\"987\" height=\"740\" data-id=\"56980\" src=\"https:\/\/ddgro.eu\/wp-content\/uploads\/2021\/06\/Espace-sous-estime-sous-terrasse-dans-un-immeuble-multifamilial.jpeg\" alt=\"substrat pour terrasse composite au sol\" class=\"wp-image-56980\" srcset=\"https:\/\/ddgro.eu\/wp-content\/uploads\/2021\/06\/Espace-sous-estime-sous-terrasse-dans-un-immeuble-multifamilial.jpeg 987w, https:\/\/ddgro.eu\/wp-content\/uploads\/2021\/06\/Espace-sous-estime-sous-terrasse-dans-un-immeuble-multifamilial-300x225.jpeg 300w, https:\/\/ddgro.eu\/wp-content\/uploads\/2021\/06\/Espace-sous-estime-sous-terrasse-dans-un-immeuble-multifamilial-768x576.jpeg 768w\" sizes=\"(max-width: 987px) 100vw, 987px\" \/><\/a><\/figure>\n\n\n\n<figure class=\"wp-block-image size-large\"><a href=\"https:\/\/ddgro.eu\/wp-content\/uploads\/2021\/06\/Les-finitions-standard-des-developpeurs-laissent-beaucoup-a-desirer.jpeg\"><img decoding=\"async\" width=\"987\" height=\"740\" data-id=\"56990\" src=\"https:\/\/ddgro.eu\/wp-content\/uploads\/2021\/06\/Les-finitions-standard-des-developpeurs-laissent-beaucoup-a-desirer.jpeg\" alt=\"substrat pour une nouvelle terrasse composite au sol\" class=\"wp-image-56990\" srcset=\"https:\/\/ddgro.eu\/wp-content\/uploads\/2021\/06\/Les-finitions-standard-des-developpeurs-laissent-beaucoup-a-desirer.jpeg 987w, https:\/\/ddgro.eu\/wp-content\/uploads\/2021\/06\/Les-finitions-standard-des-developpeurs-laissent-beaucoup-a-desirer-300x225.jpeg 300w, https:\/\/ddgro.eu\/wp-content\/uploads\/2021\/06\/Les-finitions-standard-des-developpeurs-laissent-beaucoup-a-desirer-768x576.jpeg 768w\" sizes=\"(max-width: 987px) 100vw, 987px\" \/><\/a><\/figure>\n<\/figure>\n\n\n\n<h3 class=\"wp-block-heading\">Des \u00e9tapes simples pour une agr\u00e9able terrasse dans l'appartement.<\/h3>\n\n\n\n<p>Pour transformer l'espace auparavant inutilis\u00e9 en notre terrasse de r\u00eave, il suffit d'enlever l'ancienne surface.<\/p>\n\n\n\n<p><strong>Il faudra peu de temps pour retirer les vieilles planches ou modules du bois.&nbsp;<\/strong><\/p>\n\n\n\n<p>Le gazon qui pourrait pousser plus tard dans la terrasse doit \u00eatre retir\u00e9 de l'espace sous la terrasse.<\/p>\n\n\n\n<p>Toute la surface doit \u00eatre stabilis\u00e9e, une assise de sable et de ciment doit \u00eatre r\u00e9alis\u00e9e et recouverte de g\u00e9otextile.<\/p>\n\n\n\n<p>Sur la surface ainsi pr\u00e9par\u00e9e, nous pla\u00e7ons les blocs de b\u00e9ton les plus ordinaires avec l'espacement des solives. Vous pouvez m\u00eame utiliser les carreaux de l'ancienne terrasse. Selon le fournisseur, l'espacement des \u00e9querres sous les solives doit \u00eatre de 30 \u00e0 50 cm.<\/p>\n\n\n\n<figure class=\"wp-block-gallery has-nested-images columns-default is-cropped wp-block-gallery-2 is-layout-flex wp-block-gallery-is-layout-flex\">\n<figure class=\"wp-block-image size-large\"><a href=\"https:\/\/ddgro.eu\/wp-content\/uploads\/2021\/06\/substrat-prepare-pour-une-terrasse-composite-au-sol.jpg\"><img decoding=\"async\" width=\"800\" height=\"600\" data-id=\"57005\" src=\"https:\/\/ddgro.eu\/wp-content\/uploads\/2021\/06\/substrat-prepare-pour-une-terrasse-composite-au-sol.jpg\" alt=\"espacement des blocs de bordure sous les solives de la terrasse composite\" class=\"wp-image-57005\" srcset=\"https:\/\/ddgro.eu\/wp-content\/uploads\/2021\/06\/substrat-prepare-pour-une-terrasse-composite-au-sol.jpg 800w, https:\/\/ddgro.eu\/wp-content\/uploads\/2021\/06\/substrat-prepare-pour-une-terrasse-composite-au-sol-300x225.jpg 300w, https:\/\/ddgro.eu\/wp-content\/uploads\/2021\/06\/substrat-prepare-pour-une-terrasse-composite-au-sol-768x576.jpg 768w\" sizes=\"(max-width: 800px) 100vw, 800px\" \/><\/a><\/figure>\n\n\n\n<figure class=\"wp-block-image size-large\"><a href=\"https:\/\/ddgro.eu\/wp-content\/uploads\/2021\/06\/sous-structure-dune-terrasse-composite-au-sol.jpg\"><img decoding=\"async\" width=\"800\" height=\"600\" data-id=\"57000\" src=\"https:\/\/ddgro.eu\/wp-content\/uploads\/2021\/06\/sous-structure-dune-terrasse-composite-au-sol.jpg\" alt=\"d\u00e9but de la pose de la terrasse composite au sol\" class=\"wp-image-57000\" srcset=\"https:\/\/ddgro.eu\/wp-content\/uploads\/2021\/06\/sous-structure-dune-terrasse-composite-au-sol.jpg 800w, https:\/\/ddgro.eu\/wp-content\/uploads\/2021\/06\/sous-structure-dune-terrasse-composite-au-sol-300x225.jpg 300w, https:\/\/ddgro.eu\/wp-content\/uploads\/2021\/06\/sous-structure-dune-terrasse-composite-au-sol-768x576.jpg 768w\" sizes=\"(max-width: 800px) 100vw, 800px\" \/><\/a><\/figure>\n\n\n\n<figure class=\"wp-block-image size-large\"><a href=\"https:\/\/ddgro.eu\/wp-content\/uploads\/2021\/06\/comment-faire-une-sous-structure-dune-terrasse-ventilee-au-sol.jpg\"><img decoding=\"async\" width=\"800\" height=\"600\" data-id=\"56970\" src=\"https:\/\/ddgro.eu\/wp-content\/uploads\/2021\/06\/comment-faire-une-sous-structure-dune-terrasse-ventilee-au-sol.jpg\" alt=\"premi\u00e8res \u00e9tapes d'installation d'une terrasse composite au sol y plots r\u00e9glables\" class=\"wp-image-56970\" srcset=\"https:\/\/ddgro.eu\/wp-content\/uploads\/2021\/06\/comment-faire-une-sous-structure-dune-terrasse-ventilee-au-sol.jpg 800w, https:\/\/ddgro.eu\/wp-content\/uploads\/2021\/06\/comment-faire-une-sous-structure-dune-terrasse-ventilee-au-sol-300x225.jpg 300w, https:\/\/ddgro.eu\/wp-content\/uploads\/2021\/06\/comment-faire-une-sous-structure-dune-terrasse-ventilee-au-sol-768x576.jpg 768w\" sizes=\"(max-width: 800px) 100vw, 800px\" \/><\/a><\/figure>\n<\/figure>\n\n\n\n<p>Les plots r\u00e9glables sont nivel\u00e9s avec les solives \u00e0 la hauteur appropri\u00e9e afin que la surface de la terrasse soit \u00e9gale au cadre de la fen\u00eatre du balcon.<\/p>\n\n\n\n<p>Ensuite, nous proc\u00e9dons \u00e0 la disposition des planches sur la terrasse et \u00e0 la fabrication des panneaux lat\u00e9raux.<\/p>\n\n\n\n<h2 class=\"wp-block-heading\">Re-d\u00e9couvrir votre terrasse de jardin<\/h2>\n\n\n\n<p>Tous ceux qui ont fait une telle m\u00e9tamorphose de leur terrasse disent qu'ils ne s'attendaient pas \u00e0 pouvoir disposer d'un espace aussi agr\u00e9able \u00e0 utiliser par temps chaud.<\/p>\n\n\n\n<p>Maintenant, il n'y a rien d'autre \u00e0 faire que de trouver du temps pour profiter de la terrasse.<\/p>\n\n\n\n<figure class=\"wp-block-gallery has-nested-images columns-default is-cropped wp-block-gallery-3 is-layout-flex wp-block-gallery-is-layout-flex\">\n<figure class=\"wp-block-image size-medium\"><a href=\"https:\/\/ddgro.eu\/wp-content\/uploads\/2021\/06\/nouvelle-terrasse-composite-finie-au-sol-300x225.jpg\"><img decoding=\"async\" width=\"300\" height=\"225\" data-id=\"56995\" src=\"https:\/\/ddgro.eu\/wp-content\/uploads\/2021\/06\/nouvelle-terrasse-composite-finie-au-sol-300x225.jpg\" alt=\"une nouvelle terrasse composite parfaite au sol\" class=\"wp-image-56995\" srcset=\"https:\/\/ddgro.eu\/wp-content\/uploads\/2021\/06\/nouvelle-terrasse-composite-finie-au-sol-300x225.jpg 300w, https:\/\/ddgro.eu\/wp-content\/uploads\/2021\/06\/nouvelle-terrasse-composite-finie-au-sol-768x576.jpg 768w, https:\/\/ddgro.eu\/wp-content\/uploads\/2021\/06\/nouvelle-terrasse-composite-finie-au-sol.jpg 800w\" sizes=\"(max-width: 300px) 100vw, 300px\" \/><\/a><\/figure>\n\n\n\n<figure class=\"wp-block-image size-medium\"><a href=\"https:\/\/ddgro.eu\/wp-content\/uploads\/2021\/06\/terrasse-composite-ventilee-au-sol-300x225.jpg\"><img decoding=\"async\" width=\"300\" height=\"225\" data-id=\"57010\" src=\"https:\/\/ddgro.eu\/wp-content\/uploads\/2021\/06\/terrasse-composite-ventilee-au-sol-300x225.jpg\" alt=\"terrasse composite ventil\u00e9e au sol \" class=\"wp-image-57010\" srcset=\"https:\/\/ddgro.eu\/wp-content\/uploads\/2021\/06\/terrasse-composite-ventilee-au-sol-300x225.jpg 300w, https:\/\/ddgro.eu\/wp-content\/uploads\/2021\/06\/terrasse-composite-ventilee-au-sol-768x576.jpg 768w, https:\/\/ddgro.eu\/wp-content\/uploads\/2021\/06\/terrasse-composite-ventilee-au-sol.jpg 800w\" sizes=\"(max-width: 300px) 100vw, 300px\" \/><\/a><\/figure>\n<\/figure>\n\n\n\n<h4 class=\"wp-block-heading\">N'h\u00e9sitez pas \u00e0 nous contacter si vous avez des questions. Nous aiderons \u00e0 dissiper les doutes et proposerons une solution appropri\u00e9e.<\/h4>\n","protected":false},"excerpt":{"rendered":"<p>De plus en plus souvent dans les jardins on retrouve une terrasse composite sur plots r\u00e9glables. Nos jardins peuvent \u00eatre chang\u00e9s rapidement gr\u00e2ce \u00e0 la terrasse ventil\u00e9e.<\/p>\n","protected":false},"author":10,"featured_media":57010,"comment_status":"closed","ping_status":"closed","sticky":false,"template":"","format":"standard","meta":{"_acf_changed":false,"footnotes":""},"categories":[375],"tags":[],"post_folder":[],"acf":[],"yoast_head":"<!-- This site is optimized with the Yoast SEO plugin v22.2 - https:\/\/yoast.com\/wordpress\/plugins\/seo\/ -->\n<title>Terrasse composite sur plots r\u00e9glables \u2022\u2022\u2022 DD Group<\/title>\n<meta name=\"description\" content=\"Terrasse composite sur plots dans un appartement au rez-de-chauss\u00e9e - r\u00e9alisation du projet avec documentation \u2022\u2022\u2022 DD Group\" \/>\n<meta name=\"robots\" content=\"index, follow, max-snippet:-1, max-image-preview:large, max-video-preview:-1\" \/>\n<link rel=\"canonical\" href=\"https:\/\/ddgro.eu\/fr\/blog\/terrasse-composite-sur-plots-reglables\/\" \/>\n<meta property=\"og:locale\" content=\"fr_FR\" \/>\n<meta property=\"og:type\" content=\"article\" \/>\n<meta property=\"og:title\" content=\"Terrasse composite sur plots r\u00e9glables \u2022\u2022\u2022 DD Group\" \/>\n<meta property=\"og:description\" content=\"Terrasse composite sur plots dans un appartement au rez-de-chauss\u00e9e - r\u00e9alisation du projet avec documentation \u2022\u2022\u2022 DD Group\" \/>\n<meta property=\"og:url\" content=\"https:\/\/ddgro.eu\/fr\/blog\/terrasse-composite-sur-plots-reglables\/\" \/>\n<meta property=\"og:site_name\" content=\"DD GROUP\" \/>\n<meta property=\"article:publisher\" content=\"https:\/\/www.facebook.com\/ddpedestals\" \/>\n<meta property=\"article:published_time\" content=\"2021-06-08T11:20:25+00:00\" \/>\n<meta property=\"article:modified_time\" content=\"2024-01-19T15:03:55+00:00\" \/>\n<meta property=\"og:image\" content=\"https:\/\/ddgro.eu\/wp-content\/uploads\/2021\/06\/terrasse-composite-ventilee-au-sol.jpg\" \/>\n\t<meta property=\"og:image:width\" content=\"800\" \/>\n\t<meta property=\"og:image:height\" content=\"600\" \/>\n\t<meta property=\"og:image:type\" content=\"image\/jpeg\" \/>\n<meta name=\"author\" content=\"Aleksandra Pankowska\" \/>\n<meta name=\"twitter:label1\" content=\"\u00c9crit par\" \/>\n\t<meta name=\"twitter:data1\" content=\"Aleksandra Pankowska\" \/>\n\t<meta name=\"twitter:label2\" content=\"Dur\u00e9e de lecture estim\u00e9e\" \/>\n\t<meta name=\"twitter:data2\" content=\"4 minutes\" \/>\n<script type=\"application\/ld+json\" class=\"yoast-schema-graph\">{\"@context\":\"https:\/\/schema.org\",\"@graph\":[{\"@type\":\"Article\",\"@id\":\"https:\/\/ddgro.eu\/fr\/blog\/terrasse-composite-sur-plots-reglables\/#article\",\"isPartOf\":{\"@id\":\"https:\/\/ddgro.eu\/fr\/blog\/terrasse-composite-sur-plots-reglables\/\"},\"author\":{\"name\":\"Aleksandra Pankowska\",\"@id\":\"https:\/\/ddgro.eu\/fr\/#\/schema\/person\/61c2f2d740eca427ceb27590540a60e1\"},\"headline\":\"Terrasse composite sur plots r\u00e9glables dans l'appartement du rez-de-chauss\u00e9e\",\"datePublished\":\"2021-06-08T11:20:25+00:00\",\"dateModified\":\"2024-01-19T15:03:55+00:00\",\"mainEntityOfPage\":{\"@id\":\"https:\/\/ddgro.eu\/fr\/blog\/terrasse-composite-sur-plots-reglables\/\"},\"wordCount\":375,\"publisher\":{\"@id\":\"https:\/\/ddgro.eu\/fr\/#organization\"},\"image\":{\"@id\":\"https:\/\/ddgro.eu\/fr\/blog\/terrasse-composite-sur-plots-reglables\/#primaryimage\"},\"thumbnailUrl\":\"https:\/\/ddgro.eu\/wp-content\/uploads\/2021\/06\/terrasse-composite-ventilee-au-sol.jpg\",\"articleSection\":[\"Projets\"],\"inLanguage\":\"fr-FR\"},{\"@type\":\"WebPage\",\"@id\":\"https:\/\/ddgro.eu\/fr\/blog\/terrasse-composite-sur-plots-reglables\/\",\"url\":\"https:\/\/ddgro.eu\/fr\/blog\/terrasse-composite-sur-plots-reglables\/\",\"name\":\"Terrasse composite sur plots r\u00e9glables \u2022\u2022\u2022 DD Group\",\"isPartOf\":{\"@id\":\"https:\/\/ddgro.eu\/fr\/#website\"},\"primaryImageOfPage\":{\"@id\":\"https:\/\/ddgro.eu\/fr\/blog\/terrasse-composite-sur-plots-reglables\/#primaryimage\"},\"image\":{\"@id\":\"https:\/\/ddgro.eu\/fr\/blog\/terrasse-composite-sur-plots-reglables\/#primaryimage\"},\"thumbnailUrl\":\"https:\/\/ddgro.eu\/wp-content\/uploads\/2021\/06\/terrasse-composite-ventilee-au-sol.jpg\",\"datePublished\":\"2021-06-08T11:20:25+00:00\",\"dateModified\":\"2024-01-19T15:03:55+00:00\",\"description\":\"Terrasse composite sur plots dans un appartement au rez-de-chauss\u00e9e - r\u00e9alisation du projet avec documentation \u2022\u2022\u2022 DD Group\",\"breadcrumb\":{\"@id\":\"https:\/\/ddgro.eu\/fr\/blog\/terrasse-composite-sur-plots-reglables\/#breadcrumb\"},\"inLanguage\":\"fr-FR\",\"potentialAction\":[{\"@type\":\"ReadAction\",\"target\":[\"https:\/\/ddgro.eu\/fr\/blog\/terrasse-composite-sur-plots-reglables\/\"]}]},{\"@type\":\"ImageObject\",\"inLanguage\":\"fr-FR\",\"@id\":\"https:\/\/ddgro.eu\/fr\/blog\/terrasse-composite-sur-plots-reglables\/#primaryimage\",\"url\":\"https:\/\/ddgro.eu\/wp-content\/uploads\/2021\/06\/terrasse-composite-ventilee-au-sol.jpg\",\"contentUrl\":\"https:\/\/ddgro.eu\/wp-content\/uploads\/2021\/06\/terrasse-composite-ventilee-au-sol.jpg\",\"width\":800,\"height\":600,\"caption\":\"terrasse composite ventil\u00e9e au sol\"},{\"@type\":\"BreadcrumbList\",\"@id\":\"https:\/\/ddgro.eu\/fr\/blog\/terrasse-composite-sur-plots-reglables\/#breadcrumb\",\"itemListElement\":[{\"@type\":\"ListItem\",\"position\":1,\"name\":\"Page d'accueil\",\"item\":\"https:\/\/ddgro.eu\/fr\/\"},{\"@type\":\"ListItem\",\"position\":2,\"name\":\"Terrasse composite sur plots r\u00e9glables dans l'appartement du rez-de-chauss\u00e9e\"}]},{\"@type\":\"WebSite\",\"@id\":\"https:\/\/ddgro.eu\/fr\/#website\",\"url\":\"https:\/\/ddgro.eu\/fr\/\",\"name\":\"DD GROUP\",\"description\":\"\",\"publisher\":{\"@id\":\"https:\/\/ddgro.eu\/fr\/#organization\"},\"potentialAction\":[{\"@type\":\"SearchAction\",\"target\":{\"@type\":\"EntryPoint\",\"urlTemplate\":\"https:\/\/ddgro.eu\/fr\/?s={search_term_string}\"},\"query-input\":\"required name=search_term_string\"}],\"inLanguage\":\"fr-FR\"},{\"@type\":\"Organization\",\"@id\":\"https:\/\/ddgro.eu\/fr\/#organization\",\"name\":\"Deck-Dry Polska sp. z o.o.\",\"url\":\"https:\/\/ddgro.eu\/fr\/\",\"logo\":{\"@type\":\"ImageObject\",\"inLanguage\":\"fr-FR\",\"@id\":\"https:\/\/ddgro.eu\/fr\/#\/schema\/logo\/image\/\",\"url\":\"https:\/\/ddgro.eu\/wp-content\/uploads\/2018\/05\/logo-nowe-dd.png\",\"contentUrl\":\"https:\/\/ddgro.eu\/wp-content\/uploads\/2018\/05\/logo-nowe-dd.png\",\"width\":\"343\",\"height\":\"72\",\"caption\":\"Deck-Dry Polska sp. z o.o.\"},\"image\":{\"@id\":\"https:\/\/ddgro.eu\/fr\/#\/schema\/logo\/image\/\"},\"sameAs\":[\"https:\/\/www.facebook.com\/ddpedestals\",\"https:\/\/www.linkedin.com\/company\/dd-pedestals\/\",\"https:\/\/www.instagram.com\/ddpedestals\/\"]},{\"@type\":\"Person\",\"@id\":\"https:\/\/ddgro.eu\/fr\/#\/schema\/person\/61c2f2d740eca427ceb27590540a60e1\",\"name\":\"Aleksandra Pankowska\",\"image\":{\"@type\":\"ImageObject\",\"inLanguage\":\"fr-FR\",\"@id\":\"https:\/\/ddgro.eu\/fr\/#\/schema\/person\/image\/\",\"url\":\"https:\/\/secure.gravatar.com\/avatar\/c345efba3a86983bb1a948d446acfbef?s=96&d=mm&r=g\",\"contentUrl\":\"https:\/\/secure.gravatar.com\/avatar\/c345efba3a86983bb1a948d446acfbef?s=96&d=mm&r=g\",\"caption\":\"Aleksandra Pankowska\"}}]}<\/script>\n<!-- \/ Yoast SEO plugin. -->","yoast_head_json":{"title":"Terrasse composite sur plots r\u00e9glables \u2022\u2022\u2022 DD Group","description":"Terrasse composite sur plots dans un appartement au rez-de-chauss\u00e9e - r\u00e9alisation du projet avec documentation \u2022\u2022\u2022 DD Group","robots":{"index":"index","follow":"follow","max-snippet":"max-snippet:-1","max-image-preview":"max-image-preview:large","max-video-preview":"max-video-preview:-1"},"canonical":"https:\/\/ddgro.eu\/fr\/blog\/terrasse-composite-sur-plots-reglables\/","og_locale":"fr_FR","og_type":"article","og_title":"Terrasse composite sur plots r\u00e9glables \u2022\u2022\u2022 DD Group","og_description":"Terrasse composite sur plots dans un appartement au rez-de-chauss\u00e9e - r\u00e9alisation du projet avec documentation \u2022\u2022\u2022 DD Group","og_url":"https:\/\/ddgro.eu\/fr\/blog\/terrasse-composite-sur-plots-reglables\/","og_site_name":"DD GROUP","article_publisher":"https:\/\/www.facebook.com\/ddpedestals","article_published_time":"2021-06-08T11:20:25+00:00","article_modified_time":"2024-01-19T15:03:55+00:00","og_image":[{"width":800,"height":600,"url":"https:\/\/ddgro.eu\/wp-content\/uploads\/2021\/06\/terrasse-composite-ventilee-au-sol.jpg","type":"image\/jpeg"}],"author":"Aleksandra Pankowska","twitter_misc":{"\u00c9crit par":"Aleksandra Pankowska","Dur\u00e9e de lecture estim\u00e9e":"4 minutes"},"schema":{"@context":"https:\/\/schema.org","@graph":[{"@type":"Article","@id":"https:\/\/ddgro.eu\/fr\/blog\/terrasse-composite-sur-plots-reglables\/#article","isPartOf":{"@id":"https:\/\/ddgro.eu\/fr\/blog\/terrasse-composite-sur-plots-reglables\/"},"author":{"name":"Aleksandra Pankowska","@id":"https:\/\/ddgro.eu\/fr\/#\/schema\/person\/61c2f2d740eca427ceb27590540a60e1"},"headline":"Terrasse composite sur plots r\u00e9glables dans l'appartement du rez-de-chauss\u00e9e","datePublished":"2021-06-08T11:20:25+00:00","dateModified":"2024-01-19T15:03:55+00:00","mainEntityOfPage":{"@id":"https:\/\/ddgro.eu\/fr\/blog\/terrasse-composite-sur-plots-reglables\/"},"wordCount":375,"publisher":{"@id":"https:\/\/ddgro.eu\/fr\/#organization"},"image":{"@id":"https:\/\/ddgro.eu\/fr\/blog\/terrasse-composite-sur-plots-reglables\/#primaryimage"},"thumbnailUrl":"https:\/\/ddgro.eu\/wp-content\/uploads\/2021\/06\/terrasse-composite-ventilee-au-sol.jpg","articleSection":["Projets"],"inLanguage":"fr-FR"},{"@type":"WebPage","@id":"https:\/\/ddgro.eu\/fr\/blog\/terrasse-composite-sur-plots-reglables\/","url":"https:\/\/ddgro.eu\/fr\/blog\/terrasse-composite-sur-plots-reglables\/","name":"Terrasse composite sur plots r\u00e9glables \u2022\u2022\u2022 DD Group","isPartOf":{"@id":"https:\/\/ddgro.eu\/fr\/#website"},"primaryImageOfPage":{"@id":"https:\/\/ddgro.eu\/fr\/blog\/terrasse-composite-sur-plots-reglables\/#primaryimage"},"image":{"@id":"https:\/\/ddgro.eu\/fr\/blog\/terrasse-composite-sur-plots-reglables\/#primaryimage"},"thumbnailUrl":"https:\/\/ddgro.eu\/wp-content\/uploads\/2021\/06\/terrasse-composite-ventilee-au-sol.jpg","datePublished":"2021-06-08T11:20:25+00:00","dateModified":"2024-01-19T15:03:55+00:00","description":"Terrasse composite sur plots dans un appartement au rez-de-chauss\u00e9e - r\u00e9alisation du projet avec documentation \u2022\u2022\u2022 DD Group","breadcrumb":{"@id":"https:\/\/ddgro.eu\/fr\/blog\/terrasse-composite-sur-plots-reglables\/#breadcrumb"},"inLanguage":"fr-FR","potentialAction":[{"@type":"ReadAction","target":["https:\/\/ddgro.eu\/fr\/blog\/terrasse-composite-sur-plots-reglables\/"]}]},{"@type":"ImageObject","inLanguage":"fr-FR","@id":"https:\/\/ddgro.eu\/fr\/blog\/terrasse-composite-sur-plots-reglables\/#primaryimage","url":"https:\/\/ddgro.eu\/wp-content\/uploads\/2021\/06\/terrasse-composite-ventilee-au-sol.jpg","contentUrl":"https:\/\/ddgro.eu\/wp-content\/uploads\/2021\/06\/terrasse-composite-ventilee-au-sol.jpg","width":800,"height":600,"caption":"terrasse composite ventil\u00e9e au sol"},{"@type":"BreadcrumbList","@id":"https:\/\/ddgro.eu\/fr\/blog\/terrasse-composite-sur-plots-reglables\/#breadcrumb","itemListElement":[{"@type":"ListItem","position":1,"name":"Page d'accueil","item":"https:\/\/ddgro.eu\/fr\/"},{"@type":"ListItem","position":2,"name":"Terrasse composite sur plots r\u00e9glables dans l'appartement du rez-de-chauss\u00e9e"}]},{"@type":"WebSite","@id":"https:\/\/ddgro.eu\/fr\/#website","url":"https:\/\/ddgro.eu\/fr\/","name":"DD GROUP","description":"","publisher":{"@id":"https:\/\/ddgro.eu\/fr\/#organization"},"potentialAction":[{"@type":"SearchAction","target":{"@type":"EntryPoint","urlTemplate":"https:\/\/ddgro.eu\/fr\/?s={search_term_string}"},"query-input":"required name=search_term_string"}],"inLanguage":"fr-FR"},{"@type":"Organization","@id":"https:\/\/ddgro.eu\/fr\/#organization","name":"Deck-Dry Polska sp. z o.o.","url":"https:\/\/ddgro.eu\/fr\/","logo":{"@type":"ImageObject","inLanguage":"fr-FR","@id":"https:\/\/ddgro.eu\/fr\/#\/schema\/logo\/image\/","url":"https:\/\/ddgro.eu\/wp-content\/uploads\/2018\/05\/logo-nowe-dd.png","contentUrl":"https:\/\/ddgro.eu\/wp-content\/uploads\/2018\/05\/logo-nowe-dd.png","width":"343","height":"72","caption":"Deck-Dry Polska sp. z o.o."},"image":{"@id":"https:\/\/ddgro.eu\/fr\/#\/schema\/logo\/image\/"},"sameAs":["https:\/\/www.facebook.com\/ddpedestals","https:\/\/www.linkedin.com\/company\/dd-pedestals\/","https:\/\/www.instagram.com\/ddpedestals\/"]},{"@type":"Person","@id":"https:\/\/ddgro.eu\/fr\/#\/schema\/person\/61c2f2d740eca427ceb27590540a60e1","name":"Aleksandra Pankowska","image":{"@type":"ImageObject","inLanguage":"fr-FR","@id":"https:\/\/ddgro.eu\/fr\/#\/schema\/person\/image\/","url":"https:\/\/secure.gravatar.com\/avatar\/c345efba3a86983bb1a948d446acfbef?s=96&d=mm&r=g","contentUrl":"https:\/\/secure.gravatar.com\/avatar\/c345efba3a86983bb1a948d446acfbef?s=96&d=mm&r=g","caption":"Aleksandra Pankowska"}}]}},"_links":{"self":[{"href":"https:\/\/ddgro.eu\/fr\/wp-json\/wp\/v2\/posts\/56969"}],"collection":[{"href":"https:\/\/ddgro.eu\/fr\/wp-json\/wp\/v2\/posts"}],"about":[{"href":"https:\/\/ddgro.eu\/fr\/wp-json\/wp\/v2\/types\/post"}],"author":[{"embeddable":true,"href":"https:\/\/ddgro.eu\/fr\/wp-json\/wp\/v2\/users\/10"}],"replies":[{"embeddable":true,"href":"https:\/\/ddgro.eu\/fr\/wp-json\/wp\/v2\/comments?post=56969"}],"version-history":[{"count":2,"href":"https:\/\/ddgro.eu\/fr\/wp-json\/wp\/v2\/posts\/56969\/revisions"}],"predecessor-version":[{"id":114178,"href":"https:\/\/ddgro.eu\/fr\/wp-json\/wp\/v2\/posts\/56969\/revisions\/114178"}],"wp:featuredmedia":[{"embeddable":true,"href":"https:\/\/ddgro.eu\/fr\/wp-json\/wp\/v2\/media\/57010"}],"wp:attachment":[{"href":"https:\/\/ddgro.eu\/fr\/wp-json\/wp\/v2\/media?parent=56969"}],"wp:term":[{"taxonomy":"category","embeddable":true,"href":"https:\/\/ddgro.eu\/fr\/wp-json\/wp\/v2\/categories?post=56969"},{"taxonomy":"post_tag","embeddable":true,"href":"https:\/\/ddgro.eu\/fr\/wp-json\/wp\/v2\/tags?post=56969"},{"taxonomy":"post_folder","embeddable":true,"href":"https:\/\/ddgro.eu\/fr\/wp-json\/wp\/v2\/post_folder?post=56969"}],"curies":[{"name":"wp","href":"https:\/\/api.w.org\/{rel}","templated":true}]}}