{"id":52595,"date":"2021-04-22T14:41:29","date_gmt":"2021-04-22T12:41:29","guid":{"rendered":"https:\/\/ddgro.eu\/?p=52595"},"modified":"2024-04-16T18:16:51","modified_gmt":"2024-04-16T16:16:51","slug":"carreaux-de-terrasse-en-ceramique-de-2-cm-pour-une-terrasse-ventilee","status":"publish","type":"post","link":"https:\/\/ddgro.eu\/fr\/blog\/carreaux-de-terrasse-en-ceramique-de-2-cm-pour-une-terrasse-ventilee\/","title":{"rendered":"Carreaux de terrasse en c\u00e9ramique de 2 cm pour une terrasse ventil\u00e9e"},"content":{"rendered":"\n<p>L'une des solutions les plus populaires pour la finition d'une terrasse aujourd'hui est les carreaux de terrasse en c\u00e9ramique. V\u00e9rifiez s'ils fonctionneront \u00e9galement pour vous.<\/p>\n\n\n\n<p>Aujourd'hui, les carreaux de terrasse en c\u00e9ramique sont l'une des solutions les plus populaires pour la finition d'une terrasse.<\/p>\n\n\n\n<p>Il est utilis\u00e9 \u00e0 la fois par des clients priv\u00e9s dans des jardins familiaux ou des balcons ainsi que par des d\u00e9veloppeurs sur de grands projets.<\/p>\n\n\n\n<figure class=\"wp-block-gallery has-nested-images columns-default is-cropped wp-block-gallery-1 is-layout-flex wp-block-gallery-is-layout-flex\">\n<figure class=\"wp-block-image size-large\"><a href=\"https:\/\/ddgro.eu\/wp-content\/uploads\/2021\/04\/terrasse-de-jardin-arriere-en-carreaux-de-ceramique-2-cm-60x60-1.jpg\"><img decoding=\"async\" width=\"800\" height=\"533\" data-id=\"52616\" src=\"https:\/\/ddgro.eu\/wp-content\/uploads\/2021\/04\/terrasse-de-jardin-arriere-en-carreaux-de-ceramique-2-cm-60x60-1.jpg\" alt=\"terrasse de jardin arri\u00e8re en carreaux de c\u00e9ramique 2 cm 60x60\" class=\"wp-image-52616\" srcset=\"https:\/\/ddgro.eu\/wp-content\/uploads\/2021\/04\/terrasse-de-jardin-arriere-en-carreaux-de-ceramique-2-cm-60x60-1.jpg 800w, https:\/\/ddgro.eu\/wp-content\/uploads\/2021\/04\/terrasse-de-jardin-arriere-en-carreaux-de-ceramique-2-cm-60x60-1-300x200.jpg 300w, https:\/\/ddgro.eu\/wp-content\/uploads\/2021\/04\/terrasse-de-jardin-arriere-en-carreaux-de-ceramique-2-cm-60x60-1-768x512.jpg 768w\" sizes=\"(max-width: 800px) 100vw, 800px\" \/><\/a><\/figure>\n\n\n\n<figure class=\"wp-block-image size-large\"><a href=\"https:\/\/ddgro.eu\/wp-content\/uploads\/2021\/04\/balcon-avec-tuiles-de-terrasse-en-ceramique-sur-la-terrasse-ventilee.jpg\"><img decoding=\"async\" width=\"800\" height=\"450\" data-id=\"52668\" src=\"https:\/\/ddgro.eu\/wp-content\/uploads\/2021\/04\/balcon-avec-tuiles-de-terrasse-en-ceramique-sur-la-terrasse-ventilee.jpg\" alt=\"balcon avec tuiles de terrasse en c\u00e9ramique sur la terrasse ventil\u00e9e\" class=\"wp-image-52668\" srcset=\"https:\/\/ddgro.eu\/wp-content\/uploads\/2021\/04\/balcon-avec-tuiles-de-terrasse-en-ceramique-sur-la-terrasse-ventilee.jpg 800w, https:\/\/ddgro.eu\/wp-content\/uploads\/2021\/04\/balcon-avec-tuiles-de-terrasse-en-ceramique-sur-la-terrasse-ventilee-300x169.jpg 300w, https:\/\/ddgro.eu\/wp-content\/uploads\/2021\/04\/balcon-avec-tuiles-de-terrasse-en-ceramique-sur-la-terrasse-ventilee-768x432.jpg 768w\" sizes=\"(max-width: 800px) 100vw, 800px\" \/><\/a><\/figure>\n<\/figure>\n\n\n\n<p>L'une des m\u00e9thodes les plus modernes de construction de terrasses est les terrasses ventil\u00e9es plac\u00e9es sur des supports. Les plus courants sont les carreaux de terrasse en c\u00e9ramique, en b\u00e9ton ou en pierre. Ces dalles de terrasse ventil\u00e9es sont devenues tr\u00e8s populaires ces derni\u00e8res ann\u00e9es et sont appr\u00e9ci\u00e9es \u00e0 la fois par les entrepreneurs et les utilisateurs.<\/p>\n\n\n\n<h2 class=\"wp-block-heading\">Une terrasse ventil\u00e9e en carreaux de c\u00e9ramique pr\u00e9sente de nombreux avantages:<\/h2>\n\n\n\n<ul>\n<li>Les carreaux de terrasse en c\u00e9ramique ne sont pas fix\u00e9s en permanence au sol<\/li>\n\n\n\n<li>Ils ne sont pas non plus coll\u00e9s au support de terrasse<\/li>\n\n\n\n<li>Chaque panneau peut \u00eatre soulev\u00e9 s\u00e9par\u00e9ment \u00e0 tout moment et la sous-structure peut \u00eatre inspect\u00e9e<\/li>\n\n\n\n<li>Au lieu de joints standard, qui s'effritent rapidement sous l'influence des conditions m\u00e9t\u00e9orologiques, il existe des espaces de distance entre les carreaux de la terrasse ventil\u00e9e entre lesquels l'eau de pluie s'\u00e9coule.<\/li>\n\n\n\n<li>L'eau coule librement, elle ne s'accumule pas dans des endroits inutiles, ce qui l'emp\u00eache de fuir dans les pi\u00e8ces inf\u00e9rieures<\/li>\n\n\n\n<li>Diverses installations peuvent \u00eatre men\u00e9es sous les plaques c\u00e9ramiques: c\u00e2bles \u00e9lectriques, \u00e9clairage, alimentation en eau, etc.<\/li>\n<\/ul>\n\n\n\n<figure class=\"wp-block-image size-large is-style-default\"><a href=\"https:\/\/ddgro.eu\/wp-content\/uploads\/2021\/04\/carrelage-terrasse-en-ceramique-60x60-2cm-sur-une-terrasse-ventilee.jpg\"><img decoding=\"async\" width=\"800\" height=\"533\" src=\"https:\/\/ddgro.eu\/wp-content\/uploads\/2021\/04\/carrelage-terrasse-en-ceramique-60x60-2cm-sur-une-terrasse-ventilee.jpg\" alt=\"carrelage terrasse en c\u00e9ramique 60x60 2cm sur une terrasse ventil\u00e9e\" class=\"wp-image-52640\" srcset=\"https:\/\/ddgro.eu\/wp-content\/uploads\/2021\/04\/carrelage-terrasse-en-ceramique-60x60-2cm-sur-une-terrasse-ventilee.jpg 800w, https:\/\/ddgro.eu\/wp-content\/uploads\/2021\/04\/carrelage-terrasse-en-ceramique-60x60-2cm-sur-une-terrasse-ventilee-300x200.jpg 300w, https:\/\/ddgro.eu\/wp-content\/uploads\/2021\/04\/carrelage-terrasse-en-ceramique-60x60-2cm-sur-une-terrasse-ventilee-768x512.jpg 768w\" sizes=\"(max-width: 800px) 100vw, 800px\" \/><\/a><\/figure>\n\n\n\n<figure class=\"wp-block-pullquote\"><blockquote><p>Terrasses ventil\u00e9es modernes - types de carreaux de terrasse<\/p><\/blockquote><\/figure>\n\n\n\n<p><strong>L'offre comprend de nombreux types de carreaux et planches de terrasse. Parmi les carreaux se distinguant par une r\u00e9sistance et une durabilit\u00e9 \u00e9lev\u00e9es, nous pouvons choisir entre des carreaux populaires et \u00e9conomiques:<\/strong><br>- b\u00e9ton,<br>- carreaux de porcelaine,<br>- clinker,<br>- c\u00e9ramique<br>- ou en pierre naturelle - granit, basalte, sy\u00e9nite ou porphyre.<\/p>\n\n\n\n<p>Chacune de ces mati\u00e8res premi\u00e8res est durable, dure et a une faible absorption d'eau. Ils sont tous r\u00e9sistants au gel et \u00e0 toutes les conditions m\u00e9t\u00e9orologiques d\u00e9favorables, ainsi qu'aux effets des produits chimiques. Ils sont faciles \u00e0 nettoyer et durent de nombreuses ann\u00e9es. Gr\u00e2ce \u00e0 l'utilisation de la technologie des terrasses ventil\u00e9es, toutes ces dalles de terrasse peuvent \u00e9galement \u00eatre d\u00e9mont\u00e9es et plac\u00e9es ailleurs. Les carreaux de terrasse en c\u00e9ramique d'une \u00e9paisseur de 2 cm et d'une longueur de c\u00f4t\u00e9 d'environ 60 cm sont le plus souvent utilis\u00e9s.<\/p>\n\n\n\n<figure class=\"wp-block-image size-large is-style-default\"><a href=\"https:\/\/ddgro.eu\/wp-content\/uploads\/2021\/04\/balustrade-de-balcon-sur-carreaux-de-ceramique-de-la-terrasse-ventilee.jpg\"><img decoding=\"async\" width=\"800\" height=\"450\" src=\"https:\/\/ddgro.eu\/wp-content\/uploads\/2021\/04\/balustrade-de-balcon-sur-carreaux-de-ceramique-de-la-terrasse-ventilee.jpg\" alt=\"balustrade de balcon sur carreaux de c\u00e9ramique de la terrasse ventil\u00e9e\" class=\"wp-image-52596\" srcset=\"https:\/\/ddgro.eu\/wp-content\/uploads\/2021\/04\/balustrade-de-balcon-sur-carreaux-de-ceramique-de-la-terrasse-ventilee.jpg 800w, https:\/\/ddgro.eu\/wp-content\/uploads\/2021\/04\/balustrade-de-balcon-sur-carreaux-de-ceramique-de-la-terrasse-ventilee-300x169.jpg 300w, https:\/\/ddgro.eu\/wp-content\/uploads\/2021\/04\/balustrade-de-balcon-sur-carreaux-de-ceramique-de-la-terrasse-ventilee-768x432.jpg 768w\" sizes=\"(max-width: 800px) 100vw, 800px\" \/><\/a><\/figure>\n\n\n\n<h2 class=\"wp-block-heading\">Pose d'une terrasse ventil\u00e9e - carrelage de terrasse en c\u00e9ramique de 2 cm<\/h2>\n\n\n\n<p>Les carreaux de la terrasse ventil\u00e9e sont tr\u00e8s faciles \u00e0 installer. Chacun de nous est capable de faire une telle terrasse. Le diable, cependant, r\u00e9side dans les d\u00e9tails, les astuces, les endroits critiques et strat\u00e9giques qui doivent \u00eatre abord\u00e9s individuellement, et c'est l\u00e0 que la main d'un sp\u00e9cialiste est utile.<\/p>\n\n\n\n<h3 class=\"wp-block-heading\">Nous avons deux options pour installer une terrasse ventil\u00e9e:<\/h3>\n\n\n\n<ul>\n<li><strong>Sur dalle&nbsp; fixes<\/strong><\/li>\n\n\n\n<li><strong>Sur plots&nbsp; r\u00e9glables<\/strong><\/li>\n<\/ul>\n\n\n\n<figure class=\"wp-block-image size-large is-style-default\"><a href=\"https:\/\/ddgro.eu\/wp-content\/uploads\/2021\/04\/types-de-plots-de-terrasse-en-plastique-sous-les-dalles.png\"><img decoding=\"async\" width=\"800\" height=\"431\" src=\"https:\/\/ddgro.eu\/wp-content\/uploads\/2021\/04\/types-de-plots-de-terrasse-en-plastique-sous-les-dalles.png\" alt=\"types de plots de terrasse en plastique sous les dalles\" class=\"wp-image-52620\" srcset=\"https:\/\/ddgro.eu\/wp-content\/uploads\/2021\/04\/types-de-plots-de-terrasse-en-plastique-sous-les-dalles.png 800w, https:\/\/ddgro.eu\/wp-content\/uploads\/2021\/04\/types-de-plots-de-terrasse-en-plastique-sous-les-dalles-300x162.png 300w, https:\/\/ddgro.eu\/wp-content\/uploads\/2021\/04\/types-de-plots-de-terrasse-en-plastique-sous-les-dalles-768x414.png 768w\" sizes=\"(max-width: 800px) 100vw, 800px\" \/><\/a><\/figure>\n\n\n\n<h4 class=\"wp-block-heading\">Une terrasse ventil\u00e9e pos\u00e9e sur des plots fixes est destin\u00e9e aux endroits o\u00f9 la hauteur de bardage disponible est faible. Ces plots sont de petite hauteur - de 2 mm \u00e0 16 mm.<\/h4>\n\n\n\n<figure class=\"wp-block-image size-large is-style-default\"><a href=\"https:\/\/ddgro.eu\/wp-content\/uploads\/2021\/04\/entretoises-basses-pour-carreaux-de-terrasse-en-ceramique.jpg\"><img decoding=\"async\" width=\"800\" height=\"450\" src=\"https:\/\/ddgro.eu\/wp-content\/uploads\/2021\/04\/entretoises-basses-pour-carreaux-de-terrasse-en-ceramique.jpg\" alt=\"stands bas, dalle fixe plots  pour carreaux de terrasse en c\u00e9ramique\" class=\"wp-image-52652\" srcset=\"https:\/\/ddgro.eu\/wp-content\/uploads\/2021\/04\/entretoises-basses-pour-carreaux-de-terrasse-en-ceramique.jpg 800w, https:\/\/ddgro.eu\/wp-content\/uploads\/2021\/04\/entretoises-basses-pour-carreaux-de-terrasse-en-ceramique-300x169.jpg 300w, https:\/\/ddgro.eu\/wp-content\/uploads\/2021\/04\/entretoises-basses-pour-carreaux-de-terrasse-en-ceramique-768x432.jpg 768w\" sizes=\"(max-width: 800px) 100vw, 800px\" \/><\/a><\/figure>\n\n\n\n<p>Cette solution fonctionne \u00e9galement dans les endroits o\u00f9 la chape a un niveau et une pente appropri\u00e9s, et les entretoises pour plaques en c\u00e9ramique remplissent la fonction d'installation et prot\u00e8gent l'\u00e9tanch\u00e9it\u00e9 de la chape contre les dommages.<\/p>\n\n\n\n<figure class=\"wp-block-image size-large is-style-default\"><a href=\"https:\/\/ddgro.eu\/wp-content\/uploads\/2021\/04\/carreaux-de-terrasse-en-ceramique-30x120-sur-plots-de-terrasse.jpg\"><img decoding=\"async\" width=\"800\" height=\"450\" src=\"https:\/\/ddgro.eu\/wp-content\/uploads\/2021\/04\/carreaux-de-terrasse-en-ceramique-30x120-sur-plots-de-terrasse.jpg\" alt=\"carreaux de terrasse en c\u00e9ramique 30x120 sur plots de terrasse\" class=\"wp-image-52636\" srcset=\"https:\/\/ddgro.eu\/wp-content\/uploads\/2021\/04\/carreaux-de-terrasse-en-ceramique-30x120-sur-plots-de-terrasse.jpg 800w, https:\/\/ddgro.eu\/wp-content\/uploads\/2021\/04\/carreaux-de-terrasse-en-ceramique-30x120-sur-plots-de-terrasse-300x169.jpg 300w, https:\/\/ddgro.eu\/wp-content\/uploads\/2021\/04\/carreaux-de-terrasse-en-ceramique-30x120-sur-plots-de-terrasse-768x432.jpg 768w\" sizes=\"(max-width: 800px) 100vw, 800px\" \/><\/a><\/figure>\n\n\n\n<p>Cependant, si le niveau 0 de notre terrasse est bien inf\u00e9rieur \u00e0 la hauteur \u00e0 laquelle nous souhaitons faire installer des carreaux de terrasse en c\u00e9ramique, des plots de nivellement r\u00e9glables doivent \u00eatre utilis\u00e9s.<\/p>\n\n\n\n<h2 class=\"wp-block-heading\">La port\u00e9e de la r\u00e9glementation est immense. \u00c0 partir de 10 mm, on peut finir \u00e0 950 mm.<\/h2>\n\n\n\n<figure class=\"wp-block-image size-large is-style-default\"><a href=\"https:\/\/ddgro.eu\/wp-content\/uploads\/2021\/04\/types-de-plots-de-terrasse-en-plastique.jpg\"><img decoding=\"async\" width=\"800\" height=\"450\" src=\"https:\/\/ddgro.eu\/wp-content\/uploads\/2021\/04\/types-de-plots-de-terrasse-en-plastique.jpg\" alt=\"types de plots de terrasse en plastique\" class=\"wp-image-52608\" srcset=\"https:\/\/ddgro.eu\/wp-content\/uploads\/2021\/04\/types-de-plots-de-terrasse-en-plastique.jpg 800w, https:\/\/ddgro.eu\/wp-content\/uploads\/2021\/04\/types-de-plots-de-terrasse-en-plastique-300x169.jpg 300w, https:\/\/ddgro.eu\/wp-content\/uploads\/2021\/04\/types-de-plots-de-terrasse-en-plastique-768x432.jpg 768w\" sizes=\"(max-width: 800px) 100vw, 800px\" \/><\/a><\/figure>\n\n\n\n\n\n<figure class=\"wp-block-image size-large is-style-default\"><a href=\"https:\/\/ddgro.eu\/wp-content\/uploads\/2021\/04\/plots-hauts-pour-carreaux-de-terrasse-en-ceramique.jpg\"><img decoding=\"async\" width=\"800\" height=\"450\" src=\"https:\/\/ddgro.eu\/wp-content\/uploads\/2021\/04\/plots-hauts-pour-carreaux-de-terrasse-en-ceramique.jpg\" alt=\"plots  hauts pour carreaux de terrasse en c\u00e9ramique\" class=\"wp-image-52604\" srcset=\"https:\/\/ddgro.eu\/wp-content\/uploads\/2021\/04\/plots-hauts-pour-carreaux-de-terrasse-en-ceramique.jpg 800w, https:\/\/ddgro.eu\/wp-content\/uploads\/2021\/04\/plots-hauts-pour-carreaux-de-terrasse-en-ceramique-300x169.jpg 300w, https:\/\/ddgro.eu\/wp-content\/uploads\/2021\/04\/plots-hauts-pour-carreaux-de-terrasse-en-ceramique-768x432.jpg 768w\" sizes=\"(max-width: 800px) 100vw, 800px\" \/><\/a><\/figure>\n\n\n\n<p>O\u00f9, par exemple, nous avons diff\u00e9rentes hauteurs sur une terrasse. Ils peuvent \u00eatre caus\u00e9s par l'isolation install\u00e9e, une grande pente vers le tuyau de drainage ou le seuil d'entr\u00e9e, les plots de terrasse r\u00e9glables se r\u00e9v\u00e9leront \u00e9galement id\u00e9aux.<\/p>\n\n\n\n<figure class=\"wp-block-image size-large is-style-default\"><a href=\"https:\/\/ddgro.eu\/wp-content\/uploads\/2021\/04\/tuiles-de-terrasse-pour-un-balcon-ventile-sur-plots.jpg\"><img decoding=\"async\" width=\"600\" height=\"800\" src=\"https:\/\/ddgro.eu\/wp-content\/uploads\/2021\/04\/tuiles-de-terrasse-pour-un-balcon-ventile-sur-plots.jpg\" alt=\" tuiles de terrasse pour un balcon ventil\u00e9 sur plots\" class=\"wp-image-52600\" srcset=\"https:\/\/ddgro.eu\/wp-content\/uploads\/2021\/04\/tuiles-de-terrasse-pour-un-balcon-ventile-sur-plots.jpg 600w, https:\/\/ddgro.eu\/wp-content\/uploads\/2021\/04\/tuiles-de-terrasse-pour-un-balcon-ventile-sur-plots-225x300.jpg 225w\" sizes=\"(max-width: 600px) 100vw, 600px\" \/><\/a><\/figure>\n\n\n\n<h4 class=\"wp-block-heading\">Tous les supports mentionn\u00e9s ci-dessus peuvent \u00eatre librement positionn\u00e9s sous la terrasse en tuiles de terrasse. Ils sont adapt\u00e9s pour \u00eatre plac\u00e9s contre un mur, dans les coins, les cadres de fen\u00eatres ou sous une balustrade.<\/h4>\n\n\n\n<p>Selon les instructions, leurs bases peuvent \u00eatre d\u00e9coup\u00e9es ou, dans le cas d'entretoises modulaires, s\u00e9par\u00e9es pour adapter les \u00e9l\u00e9ments aux conditions de la terrasse en question.<\/p>\n\n\n\n<p>Il est tr\u00e8s appr\u00e9ci\u00e9 des utilisateurs que si quelque chose se passe au sol nous d\u00e9range \u00e0 tout moment, une seule tuile de terrasse en c\u00e9ramique peut \u00eatre d\u00e9mont\u00e9e et la situation peut \u00eatre v\u00e9rifi\u00e9e. Remettez-le ensuite \u00e0 sa place sans avoir \u00e0 d\u00e9monter toute la terrasse.<\/p>\n\n\n\n<h3 class=\"wp-block-heading\">Si, pour une raison quelconque, la dalle de la terrasse ventil\u00e9e est endommag\u00e9e, fissur\u00e9e, \u00e9caill\u00e9e ou toute autre chose qui la disqualifie, elle peut \u00eatre remplac\u00e9e rapidement et facilement.<\/h3>\n\n\n\n<p>L\u00e0 encore, cela peut \u00eatre fait individuellement.<\/p>\n\n\n\n<p>On tombe en panne, on en remplace un, pas toute la terrasse.<\/p>\n\n\n\n<h5 class=\"wp-block-heading\">Nous pouvons acheter des carreaux pour une terrasse ventil\u00e9e dans tous les grands magasins de bricolage et dans les magasins g\u00e9n\u00e9ralement con\u00e7us \u00e0 cet effet, c'est-\u00e0-dire traitant uniquement de c\u00e9ramique, de b\u00e9ton, de carreaux de pierre ou de pav\u00e9s.<\/h5>\n\n\n\n<p>Il vaut la peine d'envisager l'achat de dalles pour la finition d'une terrasse ventil\u00e9e.<\/p>\n\n\n\n<p>Vous devez faire attention \u00e0 leur \u00e9paisseur, leur r\u00e9sistance, leur possibilit\u00e9 de nivellement, leur r\u00e9sistance au gel ou leur absorption d'eau et leur degr\u00e9 de r\u00e9sistance \u00e0 la salet\u00e9.<\/p>\n\n\n\n<p>Par exemple, les carreaux de c\u00e9ramique pour une terrasse ventil\u00e9e sont g\u00e9n\u00e9ralement faciles \u00e0 porter et n'absorbent pas la salet\u00e9 sous la forme, par exemple, de graisse de barbecue d'\u00e9t\u00e9. Cependant, les dalles de b\u00e9ton standard n'ont plus ces propri\u00e9t\u00e9s. Ils doivent \u00eatre prot\u00e9g\u00e9s avec un agent sp\u00e9cial qui cr\u00e9e un rev\u00eatement sp\u00e9cial sur eux et les prot\u00e8ge contre la salet\u00e9.<\/p>\n\n\n\n<h2 class=\"wp-block-heading\">Voici quelques exemples de terrasses ventil\u00e9es pr\u00eates \u00e0 l'emploi en dalles.<\/h2>\n\n\n\n<figure class=\"wp-block-gallery has-nested-images columns-default is-cropped wp-block-gallery-2 is-layout-flex wp-block-gallery-is-layout-flex\">\n<figure class=\"wp-block-image size-large\"><a href=\"https:\/\/ddgro.eu\/wp-content\/uploads\/2021\/04\/carreaux-de-terrasse-en-ceramique-autour-de-la-piscine.jpg\"><img decoding=\"async\" width=\"800\" height=\"450\" data-id=\"52628\" src=\"https:\/\/ddgro.eu\/wp-content\/uploads\/2021\/04\/carreaux-de-terrasse-en-ceramique-autour-de-la-piscine.jpg\" alt=\"carreaux de terrasse en c\u00e9ramique autour de la piscine\" class=\"wp-image-52628\" srcset=\"https:\/\/ddgro.eu\/wp-content\/uploads\/2021\/04\/carreaux-de-terrasse-en-ceramique-autour-de-la-piscine.jpg 800w, https:\/\/ddgro.eu\/wp-content\/uploads\/2021\/04\/carreaux-de-terrasse-en-ceramique-autour-de-la-piscine-300x169.jpg 300w, https:\/\/ddgro.eu\/wp-content\/uploads\/2021\/04\/carreaux-de-terrasse-en-ceramique-autour-de-la-piscine-768x432.jpg 768w\" sizes=\"(max-width: 800px) 100vw, 800px\" \/><\/a><\/figure>\n\n\n\n<figure class=\"wp-block-image size-large\"><a href=\"https:\/\/ddgro.eu\/wp-content\/uploads\/2021\/04\/terrasse-de-restaurant-ventilee-avec-des-carreaux-de-ceramique-en-terrasse.jpg\"><img decoding=\"async\" width=\"800\" height=\"800\" data-id=\"52624\" src=\"https:\/\/ddgro.eu\/wp-content\/uploads\/2021\/04\/terrasse-de-restaurant-ventilee-avec-des-carreaux-de-ceramique-en-terrasse.jpg\" alt=\"terrasse de restaurant ventil\u00e9e avec des carreaux de c\u00e9ramique en terrasse\" class=\"wp-image-52624\" srcset=\"https:\/\/ddgro.eu\/wp-content\/uploads\/2021\/04\/terrasse-de-restaurant-ventilee-avec-des-carreaux-de-ceramique-en-terrasse.jpg 800w, https:\/\/ddgro.eu\/wp-content\/uploads\/2021\/04\/terrasse-de-restaurant-ventilee-avec-des-carreaux-de-ceramique-en-terrasse-300x300.jpg 300w, https:\/\/ddgro.eu\/wp-content\/uploads\/2021\/04\/terrasse-de-restaurant-ventilee-avec-des-carreaux-de-ceramique-en-terrasse-150x150.jpg 150w, https:\/\/ddgro.eu\/wp-content\/uploads\/2021\/04\/terrasse-de-restaurant-ventilee-avec-des-carreaux-de-ceramique-en-terrasse-768x768.jpg 768w\" sizes=\"(max-width: 800px) 100vw, 800px\" \/><\/a><\/figure>\n\n\n\n<figure class=\"wp-block-image size-large\"><a href=\"https:\/\/ddgro.eu\/wp-content\/uploads\/2021\/04\/dalles-sur-la-terrasse-ventilee-a-cote-du-restaurant.jpg\"><img decoding=\"async\" width=\"800\" height=\"389\" data-id=\"52632\" src=\"https:\/\/ddgro.eu\/wp-content\/uploads\/2021\/04\/dalles-sur-la-terrasse-ventilee-a-cote-du-restaurant.jpg\" alt=\"dalles sur la terrasse ventil\u00e9e \u00e0 c\u00f4t\u00e9 du restaurant\" class=\"wp-image-52632\" srcset=\"https:\/\/ddgro.eu\/wp-content\/uploads\/2021\/04\/dalles-sur-la-terrasse-ventilee-a-cote-du-restaurant.jpg 800w, https:\/\/ddgro.eu\/wp-content\/uploads\/2021\/04\/dalles-sur-la-terrasse-ventilee-a-cote-du-restaurant-300x146.jpg 300w, https:\/\/ddgro.eu\/wp-content\/uploads\/2021\/04\/dalles-sur-la-terrasse-ventilee-a-cote-du-restaurant-768x373.jpg 768w\" sizes=\"(max-width: 800px) 100vw, 800px\" \/><\/a><\/figure>\n\n\n\n<figure class=\"wp-block-image size-large\"><a href=\"https:\/\/ddgro.eu\/wp-content\/uploads\/2021\/04\/terrasse-ventilee-carrelee-a-cote-de-l_immeuble-de-bureaux.jpg\"><img decoding=\"async\" width=\"800\" height=\"533\" data-id=\"52612\" src=\"https:\/\/ddgro.eu\/wp-content\/uploads\/2021\/04\/terrasse-ventilee-carrelee-a-cote-de-l_immeuble-de-bureaux.jpg\" alt=\" terrasse ventil\u00e9e carrel\u00e9e \u00e0 c\u00f4t\u00e9 de l'immeuble de bureaux\" class=\"wp-image-52612\" srcset=\"https:\/\/ddgro.eu\/wp-content\/uploads\/2021\/04\/terrasse-ventilee-carrelee-a-cote-de-l_immeuble-de-bureaux.jpg 800w, https:\/\/ddgro.eu\/wp-content\/uploads\/2021\/04\/terrasse-ventilee-carrelee-a-cote-de-l_immeuble-de-bureaux-300x200.jpg 300w, https:\/\/ddgro.eu\/wp-content\/uploads\/2021\/04\/terrasse-ventilee-carrelee-a-cote-de-l_immeuble-de-bureaux-768x512.jpg 768w\" sizes=\"(max-width: 800px) 100vw, 800px\" \/><\/a><\/figure>\n\n\n\n<figure class=\"wp-block-image size-large\"><a href=\"https:\/\/ddgro.eu\/wp-content\/uploads\/2021\/04\/dalles-de-beton-sur-la-terrasse-ventilees-sur-le-balcon.jpg\"><img decoding=\"async\" width=\"450\" height=\"800\" data-id=\"52664\" src=\"https:\/\/ddgro.eu\/wp-content\/uploads\/2021\/04\/dalles-de-beton-sur-la-terrasse-ventilees-sur-le-balcon.jpg\" alt=\"dalles de b\u00e9ton sur la terrasse ventil\u00e9es sur le balcon\" class=\"wp-image-52664\" srcset=\"https:\/\/ddgro.eu\/wp-content\/uploads\/2021\/04\/dalles-de-beton-sur-la-terrasse-ventilees-sur-le-balcon.jpg 450w, https:\/\/ddgro.eu\/wp-content\/uploads\/2021\/04\/dalles-de-beton-sur-la-terrasse-ventilees-sur-le-balcon-169x300.jpg 169w\" sizes=\"(max-width: 450px) 100vw, 450px\" \/><\/a><\/figure>\n<\/figure>\n\n\n\n<h2 class=\"wp-block-heading\">R\u00e9novation de l'ancienne terrasse - voyez comme c'est facile!<\/h2>\n\n\n\n<p>Un bon exemple de la possibilit\u00e9 de rafra\u00eechir une ancienne terrasse est les pav\u00e9s, qui sont relativement rapidement envahis par la mousse, recouverts de fleurs vertes ou sales de liquides collants.<\/p>\n\n\n\n<p>Si nous avons une terrasse en pav\u00e9s \u00e0 c\u00f4t\u00e9 de notre maison, qui n'a plus l'air des plus esth\u00e9tiques, nous pouvons la rafra\u00eechir de mani\u00e8re simple et rapide.<\/p>\n\n\n\n<p>Aucune d\u00e9molition, d\u00e9molition, encombrement inutile et d\u00e9penses importantes.<\/p>\n\n\n\n\n\n<figure class=\"wp-block-gallery has-nested-images columns-default is-cropped wp-block-gallery-3 is-layout-flex wp-block-gallery-is-layout-flex\">\n<figure class=\"wp-block-image size-large\"><a href=\"https:\/\/ddgro.eu\/wp-content\/uploads\/2021\/04\/dalles-sur-terrasse-ventilee-sur-pave-ancien.jpg\"><img decoding=\"async\" width=\"800\" height=\"450\" data-id=\"52648\" src=\"https:\/\/ddgro.eu\/wp-content\/uploads\/2021\/04\/dalles-sur-terrasse-ventilee-sur-pave-ancien.jpg\" alt=\"dalles sur terrasse ventil\u00e9e sur pav\u00e9 ancien\" class=\"wp-image-52648\" srcset=\"https:\/\/ddgro.eu\/wp-content\/uploads\/2021\/04\/dalles-sur-terrasse-ventilee-sur-pave-ancien.jpg 800w, https:\/\/ddgro.eu\/wp-content\/uploads\/2021\/04\/dalles-sur-terrasse-ventilee-sur-pave-ancien-300x169.jpg 300w, https:\/\/ddgro.eu\/wp-content\/uploads\/2021\/04\/dalles-sur-terrasse-ventilee-sur-pave-ancien-768x432.jpg 768w\" sizes=\"(max-width: 800px) 100vw, 800px\" \/><\/a><\/figure>\n\n\n\n<figure class=\"wp-block-image size-large\"><a href=\"https:\/\/ddgro.eu\/wp-content\/uploads\/2021\/04\/carreaux-de-ceramique-pour-la-terrasse-ventiles-sur-plots-de-terrasse.jpg\"><img decoding=\"async\" width=\"800\" height=\"450\" data-id=\"52656\" src=\"https:\/\/ddgro.eu\/wp-content\/uploads\/2021\/04\/carreaux-de-ceramique-pour-la-terrasse-ventiles-sur-plots-de-terrasse.jpg\" alt=\"carreaux de c\u00e9ramique pour la terrasse ventil\u00e9s sur plots de terrasse\" class=\"wp-image-52656\" srcset=\"https:\/\/ddgro.eu\/wp-content\/uploads\/2021\/04\/carreaux-de-ceramique-pour-la-terrasse-ventiles-sur-plots-de-terrasse.jpg 800w, https:\/\/ddgro.eu\/wp-content\/uploads\/2021\/04\/carreaux-de-ceramique-pour-la-terrasse-ventiles-sur-plots-de-terrasse-300x169.jpg 300w, https:\/\/ddgro.eu\/wp-content\/uploads\/2021\/04\/carreaux-de-ceramique-pour-la-terrasse-ventiles-sur-plots-de-terrasse-768x432.jpg 768w\" sizes=\"(max-width: 800px) 100vw, 800px\" \/><\/a><\/figure>\n\n\n\n<figure class=\"wp-block-image size-large\"><a href=\"https:\/\/ddgro.eu\/wp-content\/uploads\/2021\/04\/carreaux-de-terrasse-en-ceramique-sur-les-plots-de-terrasse.jpg\"><img decoding=\"async\" width=\"800\" height=\"450\" data-id=\"52644\" src=\"https:\/\/ddgro.eu\/wp-content\/uploads\/2021\/04\/carreaux-de-terrasse-en-ceramique-sur-les-plots-de-terrasse.jpg\" alt=\"carreaux de terrasse en c\u00e9ramique sur les plots de terrasse\" class=\"wp-image-52644\" srcset=\"https:\/\/ddgro.eu\/wp-content\/uploads\/2021\/04\/carreaux-de-terrasse-en-ceramique-sur-les-plots-de-terrasse.jpg 800w, https:\/\/ddgro.eu\/wp-content\/uploads\/2021\/04\/carreaux-de-terrasse-en-ceramique-sur-les-plots-de-terrasse-300x169.jpg 300w, https:\/\/ddgro.eu\/wp-content\/uploads\/2021\/04\/carreaux-de-terrasse-en-ceramique-sur-les-plots-de-terrasse-768x432.jpg 768w\" sizes=\"(max-width: 800px) 100vw, 800px\" \/><\/a><\/figure>\n<\/figure>\n\n\n\n<h6 class=\"wp-block-heading\">De plus, les tuiles de la terrasse ventil\u00e9e ne sont pas fix\u00e9es aux supports de la terrasse. Lorsque nous voulons changer le rev\u00eatement de terrasse, il suffit d'enlever une couche de carreaux, qui bien s\u00fbr peuvent \u00eatre utilis\u00e9s ailleurs ou donner \u00e0 des amis car ils ne sont toujours pas endommag\u00e9s et nous pouvons placer de la pierre neuve, encore plus belle et meilleure. , tuiles de terrasse en b\u00e9ton, etc. sur notre structure pr\u00e9par\u00e9e de la terrasse ventil\u00e9e.<\/h6>\n","protected":false},"excerpt":{"rendered":"<p>L'une des solutions les plus populaires pour la finition d'une terrasse aujourd'hui est les carreaux de terrasse en c\u00e9ramique. V\u00e9rifiez s'ils fonctionneront \u00e9galement pour vous.<\/p>\n","protected":false},"author":10,"featured_media":52660,"comment_status":"closed","ping_status":"closed","sticky":false,"template":"","format":"standard","meta":{"_acf_changed":false,"footnotes":""},"categories":[376],"tags":[],"post_folder":[],"acf":[],"yoast_head":"<!-- This site is optimized with the Yoast SEO plugin v22.2 - https:\/\/yoast.com\/wordpress\/plugins\/seo\/ -->\n<title>Carreaux de terrasse en c\u00e9ramique pour une terrasse ventil\u00e9e<\/title>\n<meta name=\"description\" content=\"D\u00e9couvrez si les dalles les plus populaires - les dalles de terrasse en c\u00e9ramique de 2 cm - conviendront \u00e9galement \u00e0 votre terrasse !\" \/>\n<meta name=\"robots\" content=\"index, follow, max-snippet:-1, max-image-preview:large, max-video-preview:-1\" \/>\n<link rel=\"canonical\" href=\"https:\/\/ddgro.eu\/fr\/blog\/carreaux-de-terrasse-en-ceramique-de-2-cm-pour-une-terrasse-ventilee\/\" \/>\n<meta property=\"og:locale\" content=\"fr_FR\" \/>\n<meta property=\"og:type\" content=\"article\" \/>\n<meta property=\"og:title\" content=\"Carreaux de terrasse en c\u00e9ramique pour une terrasse ventil\u00e9e\" \/>\n<meta property=\"og:description\" content=\"D\u00e9couvrez si les dalles les plus populaires - les dalles de terrasse en c\u00e9ramique de 2 cm - conviendront \u00e9galement \u00e0 votre terrasse !\" \/>\n<meta property=\"og:url\" content=\"https:\/\/ddgro.eu\/fr\/blog\/carreaux-de-terrasse-en-ceramique-de-2-cm-pour-une-terrasse-ventilee\/\" \/>\n<meta property=\"og:site_name\" content=\"DD GROUP\" \/>\n<meta property=\"article:publisher\" content=\"https:\/\/www.facebook.com\/ddpedestals\" \/>\n<meta property=\"article:published_time\" content=\"2021-04-22T12:41:29+00:00\" \/>\n<meta property=\"article:modified_time\" content=\"2024-04-16T16:16:51+00:00\" \/>\n<meta property=\"og:image\" content=\"https:\/\/ddgro.eu\/wp-content\/uploads\/2021\/04\/carreaux-de-ceramique-pour-la-terrasse-ventilee-au-plot-de-terrasse.jpg\" \/>\n\t<meta property=\"og:image:width\" content=\"800\" \/>\n\t<meta property=\"og:image:height\" content=\"513\" \/>\n\t<meta property=\"og:image:type\" content=\"image\/jpeg\" \/>\n<meta name=\"author\" content=\"Aleksandra Pankowska\" \/>\n<meta name=\"twitter:label1\" content=\"\u00c9crit par\" \/>\n\t<meta name=\"twitter:data1\" content=\"Aleksandra Pankowska\" \/>\n\t<meta name=\"twitter:label2\" content=\"Dur\u00e9e de lecture estim\u00e9e\" \/>\n\t<meta name=\"twitter:data2\" content=\"9 minutes\" \/>\n<script type=\"application\/ld+json\" class=\"yoast-schema-graph\">{\"@context\":\"https:\/\/schema.org\",\"@graph\":[{\"@type\":\"Article\",\"@id\":\"https:\/\/ddgro.eu\/fr\/blog\/carreaux-de-terrasse-en-ceramique-de-2-cm-pour-une-terrasse-ventilee\/#article\",\"isPartOf\":{\"@id\":\"https:\/\/ddgro.eu\/fr\/blog\/carreaux-de-terrasse-en-ceramique-de-2-cm-pour-une-terrasse-ventilee\/\"},\"author\":{\"name\":\"Aleksandra Pankowska\",\"@id\":\"https:\/\/ddgro.eu\/fr\/#\/schema\/person\/61c2f2d740eca427ceb27590540a60e1\"},\"headline\":\"Carreaux de terrasse en c\u00e9ramique de 2 cm pour une terrasse ventil\u00e9e\",\"datePublished\":\"2021-04-22T12:41:29+00:00\",\"dateModified\":\"2024-04-16T16:16:51+00:00\",\"mainEntityOfPage\":{\"@id\":\"https:\/\/ddgro.eu\/fr\/blog\/carreaux-de-terrasse-en-ceramique-de-2-cm-pour-une-terrasse-ventilee\/\"},\"wordCount\":1246,\"publisher\":{\"@id\":\"https:\/\/ddgro.eu\/fr\/#organization\"},\"image\":{\"@id\":\"https:\/\/ddgro.eu\/fr\/blog\/carreaux-de-terrasse-en-ceramique-de-2-cm-pour-une-terrasse-ventilee\/#primaryimage\"},\"thumbnailUrl\":\"https:\/\/ddgro.eu\/wp-content\/uploads\/2021\/04\/carreaux-de-ceramique-pour-la-terrasse-ventilee-au-plot-de-terrasse.jpg\",\"articleSection\":[\"La technologie\"],\"inLanguage\":\"fr-FR\"},{\"@type\":\"WebPage\",\"@id\":\"https:\/\/ddgro.eu\/fr\/blog\/carreaux-de-terrasse-en-ceramique-de-2-cm-pour-une-terrasse-ventilee\/\",\"url\":\"https:\/\/ddgro.eu\/fr\/blog\/carreaux-de-terrasse-en-ceramique-de-2-cm-pour-une-terrasse-ventilee\/\",\"name\":\"Carreaux de terrasse en c\u00e9ramique pour une terrasse ventil\u00e9e\",\"isPartOf\":{\"@id\":\"https:\/\/ddgro.eu\/fr\/#website\"},\"primaryImageOfPage\":{\"@id\":\"https:\/\/ddgro.eu\/fr\/blog\/carreaux-de-terrasse-en-ceramique-de-2-cm-pour-une-terrasse-ventilee\/#primaryimage\"},\"image\":{\"@id\":\"https:\/\/ddgro.eu\/fr\/blog\/carreaux-de-terrasse-en-ceramique-de-2-cm-pour-une-terrasse-ventilee\/#primaryimage\"},\"thumbnailUrl\":\"https:\/\/ddgro.eu\/wp-content\/uploads\/2021\/04\/carreaux-de-ceramique-pour-la-terrasse-ventilee-au-plot-de-terrasse.jpg\",\"datePublished\":\"2021-04-22T12:41:29+00:00\",\"dateModified\":\"2024-04-16T16:16:51+00:00\",\"description\":\"D\u00e9couvrez si les dalles les plus populaires - les dalles de terrasse en c\u00e9ramique de 2 cm - conviendront \u00e9galement \u00e0 votre terrasse !\",\"breadcrumb\":{\"@id\":\"https:\/\/ddgro.eu\/fr\/blog\/carreaux-de-terrasse-en-ceramique-de-2-cm-pour-une-terrasse-ventilee\/#breadcrumb\"},\"inLanguage\":\"fr-FR\",\"potentialAction\":[{\"@type\":\"ReadAction\",\"target\":[\"https:\/\/ddgro.eu\/fr\/blog\/carreaux-de-terrasse-en-ceramique-de-2-cm-pour-une-terrasse-ventilee\/\"]}]},{\"@type\":\"ImageObject\",\"inLanguage\":\"fr-FR\",\"@id\":\"https:\/\/ddgro.eu\/fr\/blog\/carreaux-de-terrasse-en-ceramique-de-2-cm-pour-une-terrasse-ventilee\/#primaryimage\",\"url\":\"https:\/\/ddgro.eu\/wp-content\/uploads\/2021\/04\/carreaux-de-ceramique-pour-la-terrasse-ventilee-au-plot-de-terrasse.jpg\",\"contentUrl\":\"https:\/\/ddgro.eu\/wp-content\/uploads\/2021\/04\/carreaux-de-ceramique-pour-la-terrasse-ventilee-au-plot-de-terrasse.jpg\",\"width\":800,\"height\":513,\"caption\":\"carreaux de c\u00e9ramique pour la terrasse ventil\u00e9e au plots de terrasse\"},{\"@type\":\"BreadcrumbList\",\"@id\":\"https:\/\/ddgro.eu\/fr\/blog\/carreaux-de-terrasse-en-ceramique-de-2-cm-pour-une-terrasse-ventilee\/#breadcrumb\",\"itemListElement\":[{\"@type\":\"ListItem\",\"position\":1,\"name\":\"Page d'accueil\",\"item\":\"https:\/\/ddgro.eu\/fr\/\"},{\"@type\":\"ListItem\",\"position\":2,\"name\":\"Carreaux de terrasse en c\u00e9ramique de 2 cm pour une terrasse ventil\u00e9e\"}]},{\"@type\":\"WebSite\",\"@id\":\"https:\/\/ddgro.eu\/fr\/#website\",\"url\":\"https:\/\/ddgro.eu\/fr\/\",\"name\":\"DD GROUP\",\"description\":\"\",\"publisher\":{\"@id\":\"https:\/\/ddgro.eu\/fr\/#organization\"},\"potentialAction\":[{\"@type\":\"SearchAction\",\"target\":{\"@type\":\"EntryPoint\",\"urlTemplate\":\"https:\/\/ddgro.eu\/fr\/?s={search_term_string}\"},\"query-input\":\"required name=search_term_string\"}],\"inLanguage\":\"fr-FR\"},{\"@type\":\"Organization\",\"@id\":\"https:\/\/ddgro.eu\/fr\/#organization\",\"name\":\"Deck-Dry Polska sp. z o.o.\",\"url\":\"https:\/\/ddgro.eu\/fr\/\",\"logo\":{\"@type\":\"ImageObject\",\"inLanguage\":\"fr-FR\",\"@id\":\"https:\/\/ddgro.eu\/fr\/#\/schema\/logo\/image\/\",\"url\":\"https:\/\/ddgro.eu\/wp-content\/uploads\/2018\/05\/logo-nowe-dd.png\",\"contentUrl\":\"https:\/\/ddgro.eu\/wp-content\/uploads\/2018\/05\/logo-nowe-dd.png\",\"width\":\"343\",\"height\":\"72\",\"caption\":\"Deck-Dry Polska sp. z o.o.\"},\"image\":{\"@id\":\"https:\/\/ddgro.eu\/fr\/#\/schema\/logo\/image\/\"},\"sameAs\":[\"https:\/\/www.facebook.com\/ddpedestals\",\"https:\/\/www.linkedin.com\/company\/dd-pedestals\/\",\"https:\/\/www.instagram.com\/ddpedestals\/\"]},{\"@type\":\"Person\",\"@id\":\"https:\/\/ddgro.eu\/fr\/#\/schema\/person\/61c2f2d740eca427ceb27590540a60e1\",\"name\":\"Aleksandra Pankowska\",\"image\":{\"@type\":\"ImageObject\",\"inLanguage\":\"fr-FR\",\"@id\":\"https:\/\/ddgro.eu\/fr\/#\/schema\/person\/image\/\",\"url\":\"https:\/\/secure.gravatar.com\/avatar\/c345efba3a86983bb1a948d446acfbef?s=96&d=mm&r=g\",\"contentUrl\":\"https:\/\/secure.gravatar.com\/avatar\/c345efba3a86983bb1a948d446acfbef?s=96&d=mm&r=g\",\"caption\":\"Aleksandra Pankowska\"}}]}<\/script>\n<!-- \/ Yoast SEO plugin. -->","yoast_head_json":{"title":"Carreaux de terrasse en c\u00e9ramique pour une terrasse ventil\u00e9e","description":"D\u00e9couvrez si les dalles les plus populaires - les dalles de terrasse en c\u00e9ramique de 2 cm - conviendront \u00e9galement \u00e0 votre terrasse !","robots":{"index":"index","follow":"follow","max-snippet":"max-snippet:-1","max-image-preview":"max-image-preview:large","max-video-preview":"max-video-preview:-1"},"canonical":"https:\/\/ddgro.eu\/fr\/blog\/carreaux-de-terrasse-en-ceramique-de-2-cm-pour-une-terrasse-ventilee\/","og_locale":"fr_FR","og_type":"article","og_title":"Carreaux de terrasse en c\u00e9ramique pour une terrasse ventil\u00e9e","og_description":"D\u00e9couvrez si les dalles les plus populaires - les dalles de terrasse en c\u00e9ramique de 2 cm - conviendront \u00e9galement \u00e0 votre terrasse !","og_url":"https:\/\/ddgro.eu\/fr\/blog\/carreaux-de-terrasse-en-ceramique-de-2-cm-pour-une-terrasse-ventilee\/","og_site_name":"DD GROUP","article_publisher":"https:\/\/www.facebook.com\/ddpedestals","article_published_time":"2021-04-22T12:41:29+00:00","article_modified_time":"2024-04-16T16:16:51+00:00","og_image":[{"width":800,"height":513,"url":"https:\/\/ddgro.eu\/wp-content\/uploads\/2021\/04\/carreaux-de-ceramique-pour-la-terrasse-ventilee-au-plot-de-terrasse.jpg","type":"image\/jpeg"}],"author":"Aleksandra Pankowska","twitter_misc":{"\u00c9crit par":"Aleksandra Pankowska","Dur\u00e9e de lecture estim\u00e9e":"9 minutes"},"schema":{"@context":"https:\/\/schema.org","@graph":[{"@type":"Article","@id":"https:\/\/ddgro.eu\/fr\/blog\/carreaux-de-terrasse-en-ceramique-de-2-cm-pour-une-terrasse-ventilee\/#article","isPartOf":{"@id":"https:\/\/ddgro.eu\/fr\/blog\/carreaux-de-terrasse-en-ceramique-de-2-cm-pour-une-terrasse-ventilee\/"},"author":{"name":"Aleksandra Pankowska","@id":"https:\/\/ddgro.eu\/fr\/#\/schema\/person\/61c2f2d740eca427ceb27590540a60e1"},"headline":"Carreaux de terrasse en c\u00e9ramique de 2 cm pour une terrasse ventil\u00e9e","datePublished":"2021-04-22T12:41:29+00:00","dateModified":"2024-04-16T16:16:51+00:00","mainEntityOfPage":{"@id":"https:\/\/ddgro.eu\/fr\/blog\/carreaux-de-terrasse-en-ceramique-de-2-cm-pour-une-terrasse-ventilee\/"},"wordCount":1246,"publisher":{"@id":"https:\/\/ddgro.eu\/fr\/#organization"},"image":{"@id":"https:\/\/ddgro.eu\/fr\/blog\/carreaux-de-terrasse-en-ceramique-de-2-cm-pour-une-terrasse-ventilee\/#primaryimage"},"thumbnailUrl":"https:\/\/ddgro.eu\/wp-content\/uploads\/2021\/04\/carreaux-de-ceramique-pour-la-terrasse-ventilee-au-plot-de-terrasse.jpg","articleSection":["La technologie"],"inLanguage":"fr-FR"},{"@type":"WebPage","@id":"https:\/\/ddgro.eu\/fr\/blog\/carreaux-de-terrasse-en-ceramique-de-2-cm-pour-une-terrasse-ventilee\/","url":"https:\/\/ddgro.eu\/fr\/blog\/carreaux-de-terrasse-en-ceramique-de-2-cm-pour-une-terrasse-ventilee\/","name":"Carreaux de terrasse en c\u00e9ramique pour une terrasse ventil\u00e9e","isPartOf":{"@id":"https:\/\/ddgro.eu\/fr\/#website"},"primaryImageOfPage":{"@id":"https:\/\/ddgro.eu\/fr\/blog\/carreaux-de-terrasse-en-ceramique-de-2-cm-pour-une-terrasse-ventilee\/#primaryimage"},"image":{"@id":"https:\/\/ddgro.eu\/fr\/blog\/carreaux-de-terrasse-en-ceramique-de-2-cm-pour-une-terrasse-ventilee\/#primaryimage"},"thumbnailUrl":"https:\/\/ddgro.eu\/wp-content\/uploads\/2021\/04\/carreaux-de-ceramique-pour-la-terrasse-ventilee-au-plot-de-terrasse.jpg","datePublished":"2021-04-22T12:41:29+00:00","dateModified":"2024-04-16T16:16:51+00:00","description":"D\u00e9couvrez si les dalles les plus populaires - les dalles de terrasse en c\u00e9ramique de 2 cm - conviendront \u00e9galement \u00e0 votre terrasse !","breadcrumb":{"@id":"https:\/\/ddgro.eu\/fr\/blog\/carreaux-de-terrasse-en-ceramique-de-2-cm-pour-une-terrasse-ventilee\/#breadcrumb"},"inLanguage":"fr-FR","potentialAction":[{"@type":"ReadAction","target":["https:\/\/ddgro.eu\/fr\/blog\/carreaux-de-terrasse-en-ceramique-de-2-cm-pour-une-terrasse-ventilee\/"]}]},{"@type":"ImageObject","inLanguage":"fr-FR","@id":"https:\/\/ddgro.eu\/fr\/blog\/carreaux-de-terrasse-en-ceramique-de-2-cm-pour-une-terrasse-ventilee\/#primaryimage","url":"https:\/\/ddgro.eu\/wp-content\/uploads\/2021\/04\/carreaux-de-ceramique-pour-la-terrasse-ventilee-au-plot-de-terrasse.jpg","contentUrl":"https:\/\/ddgro.eu\/wp-content\/uploads\/2021\/04\/carreaux-de-ceramique-pour-la-terrasse-ventilee-au-plot-de-terrasse.jpg","width":800,"height":513,"caption":"carreaux de c\u00e9ramique pour la terrasse ventil\u00e9e au plots de terrasse"},{"@type":"BreadcrumbList","@id":"https:\/\/ddgro.eu\/fr\/blog\/carreaux-de-terrasse-en-ceramique-de-2-cm-pour-une-terrasse-ventilee\/#breadcrumb","itemListElement":[{"@type":"ListItem","position":1,"name":"Page d'accueil","item":"https:\/\/ddgro.eu\/fr\/"},{"@type":"ListItem","position":2,"name":"Carreaux de terrasse en c\u00e9ramique de 2 cm pour une terrasse ventil\u00e9e"}]},{"@type":"WebSite","@id":"https:\/\/ddgro.eu\/fr\/#website","url":"https:\/\/ddgro.eu\/fr\/","name":"DD GROUP","description":"","publisher":{"@id":"https:\/\/ddgro.eu\/fr\/#organization"},"potentialAction":[{"@type":"SearchAction","target":{"@type":"EntryPoint","urlTemplate":"https:\/\/ddgro.eu\/fr\/?s={search_term_string}"},"query-input":"required name=search_term_string"}],"inLanguage":"fr-FR"},{"@type":"Organization","@id":"https:\/\/ddgro.eu\/fr\/#organization","name":"Deck-Dry Polska sp. z o.o.","url":"https:\/\/ddgro.eu\/fr\/","logo":{"@type":"ImageObject","inLanguage":"fr-FR","@id":"https:\/\/ddgro.eu\/fr\/#\/schema\/logo\/image\/","url":"https:\/\/ddgro.eu\/wp-content\/uploads\/2018\/05\/logo-nowe-dd.png","contentUrl":"https:\/\/ddgro.eu\/wp-content\/uploads\/2018\/05\/logo-nowe-dd.png","width":"343","height":"72","caption":"Deck-Dry Polska sp. z o.o."},"image":{"@id":"https:\/\/ddgro.eu\/fr\/#\/schema\/logo\/image\/"},"sameAs":["https:\/\/www.facebook.com\/ddpedestals","https:\/\/www.linkedin.com\/company\/dd-pedestals\/","https:\/\/www.instagram.com\/ddpedestals\/"]},{"@type":"Person","@id":"https:\/\/ddgro.eu\/fr\/#\/schema\/person\/61c2f2d740eca427ceb27590540a60e1","name":"Aleksandra Pankowska","image":{"@type":"ImageObject","inLanguage":"fr-FR","@id":"https:\/\/ddgro.eu\/fr\/#\/schema\/person\/image\/","url":"https:\/\/secure.gravatar.com\/avatar\/c345efba3a86983bb1a948d446acfbef?s=96&d=mm&r=g","contentUrl":"https:\/\/secure.gravatar.com\/avatar\/c345efba3a86983bb1a948d446acfbef?s=96&d=mm&r=g","caption":"Aleksandra Pankowska"}}]}},"_links":{"self":[{"href":"https:\/\/ddgro.eu\/fr\/wp-json\/wp\/v2\/posts\/52595"}],"collection":[{"href":"https:\/\/ddgro.eu\/fr\/wp-json\/wp\/v2\/posts"}],"about":[{"href":"https:\/\/ddgro.eu\/fr\/wp-json\/wp\/v2\/types\/post"}],"author":[{"embeddable":true,"href":"https:\/\/ddgro.eu\/fr\/wp-json\/wp\/v2\/users\/10"}],"replies":[{"embeddable":true,"href":"https:\/\/ddgro.eu\/fr\/wp-json\/wp\/v2\/comments?post=52595"}],"version-history":[{"count":1,"href":"https:\/\/ddgro.eu\/fr\/wp-json\/wp\/v2\/posts\/52595\/revisions"}],"predecessor-version":[{"id":114429,"href":"https:\/\/ddgro.eu\/fr\/wp-json\/wp\/v2\/posts\/52595\/revisions\/114429"}],"wp:featuredmedia":[{"embeddable":true,"href":"https:\/\/ddgro.eu\/fr\/wp-json\/wp\/v2\/media\/52660"}],"wp:attachment":[{"href":"https:\/\/ddgro.eu\/fr\/wp-json\/wp\/v2\/media?parent=52595"}],"wp:term":[{"taxonomy":"category","embeddable":true,"href":"https:\/\/ddgro.eu\/fr\/wp-json\/wp\/v2\/categories?post=52595"},{"taxonomy":"post_tag","embeddable":true,"href":"https:\/\/ddgro.eu\/fr\/wp-json\/wp\/v2\/tags?post=52595"},{"taxonomy":"post_folder","embeddable":true,"href":"https:\/\/ddgro.eu\/fr\/wp-json\/wp\/v2\/post_folder?post=52595"}],"curies":[{"name":"wp","href":"https:\/\/api.w.org\/{rel}","templated":true}]}}