{"id":61781,"date":"2021-06-23T14:36:56","date_gmt":"2021-06-23T12:36:56","guid":{"rendered":"https:\/\/ddgro.eu\/?p=61781"},"modified":"2024-04-16T17:51:22","modified_gmt":"2024-04-16T15:51:22","slug":"terraza-compuesta-sobre-soportes-regulables","status":"publish","type":"post","link":"https:\/\/ddgro.eu\/es\/blog\/terraza-compuesta-sobre-soportes-regulables\/","title":{"rendered":"Terraza compuesta sobre soportes regulables en un apartamento de planta baja"},"content":{"rendered":"\n<p>Gracias al uso de soportes de terraza, puede transformar f\u00e1cilmente un jard\u00edn trasero que antes se usaba poco en un lugar ideal para pasar el tiempo libre. Puede instalar una terraza compuesta sobre soportes regulables.<\/p>\n\n\n\n\n\n<p>El est\u00e1ndar de acabado de los desarrolladores en t\u00e9rminos de terrazas en las plantas bajas a menudo deja mucho que desear.<\/p>\n\n\n\n<p>Por lo general, se trata de unas pocas filas de tablas ordinarias colocadas demasiado bajas en relaci\u00f3n con el piso. Como resultado, los residentes no utilizan este espacio.<\/p>\n\n\n\n<p>Es una l\u00e1stima, porque a bajo costo podr\u00edan brindar a sus clientes un espacio amigable para usar.<\/p>\n\n\n\n<figure class=\"wp-block-gallery has-nested-images columns-default is-cropped wp-block-gallery-1 is-layout-flex wp-block-gallery-is-layout-flex\">\n<figure class=\"wp-block-image size-large\"><a href=\"https:\/\/ddgro.eu\/wp-content\/uploads\/2021\/06\/Espacio-subestimado-debajo-de-la-terraza-en-la-planta-baja.jpeg\"><img decoding=\"async\" width=\"987\" height=\"740\" data-id=\"61792\" src=\"https:\/\/ddgro.eu\/wp-content\/uploads\/2021\/06\/Espacio-subestimado-debajo-de-la-terraza-en-la-planta-baja.jpeg\" alt=\"sustrato para una terraza ventilada en el suelo\" class=\"wp-image-61792\" srcset=\"https:\/\/ddgro.eu\/wp-content\/uploads\/2021\/06\/Espacio-subestimado-debajo-de-la-terraza-en-la-planta-baja.jpeg 987w, https:\/\/ddgro.eu\/wp-content\/uploads\/2021\/06\/Espacio-subestimado-debajo-de-la-terraza-en-la-planta-baja-300x225.jpeg 300w, https:\/\/ddgro.eu\/wp-content\/uploads\/2021\/06\/Espacio-subestimado-debajo-de-la-terraza-en-la-planta-baja-768x576.jpeg 768w\" sizes=\"(max-width: 987px) 100vw, 987px\" \/><\/a><\/figure>\n\n\n\n<figure class=\"wp-block-image size-large\"><a href=\"https:\/\/ddgro.eu\/wp-content\/uploads\/2021\/06\/Espacio-subestimado-debajo-de-la-terraza-en-un-edificio-multifamiliar.jpeg\"><img decoding=\"async\" width=\"987\" height=\"740\" data-id=\"61797\" src=\"https:\/\/ddgro.eu\/wp-content\/uploads\/2021\/06\/Espacio-subestimado-debajo-de-la-terraza-en-un-edificio-multifamiliar.jpeg\" alt=\"sustrato para una terraza compuesta en el suelo\" class=\"wp-image-61797\" srcset=\"https:\/\/ddgro.eu\/wp-content\/uploads\/2021\/06\/Espacio-subestimado-debajo-de-la-terraza-en-un-edificio-multifamiliar.jpeg 987w, https:\/\/ddgro.eu\/wp-content\/uploads\/2021\/06\/Espacio-subestimado-debajo-de-la-terraza-en-un-edificio-multifamiliar-300x225.jpeg 300w, https:\/\/ddgro.eu\/wp-content\/uploads\/2021\/06\/Espacio-subestimado-debajo-de-la-terraza-en-un-edificio-multifamiliar-768x576.jpeg 768w\" sizes=\"(max-width: 987px) 100vw, 987px\" \/><\/a><\/figure>\n\n\n\n<figure class=\"wp-block-image size-large\"><a href=\"https:\/\/ddgro.eu\/wp-content\/uploads\/2021\/06\/Los-acabados-de-revelador-estandar-dejan-mucho-que-desear.jpeg\"><img decoding=\"async\" width=\"987\" height=\"740\" data-id=\"61802\" src=\"https:\/\/ddgro.eu\/wp-content\/uploads\/2021\/06\/Los-acabados-de-revelador-estandar-dejan-mucho-que-desear.jpeg\" alt=\"sustrato para una nueva terraza compuesta en el suelo\" class=\"wp-image-61802\" srcset=\"https:\/\/ddgro.eu\/wp-content\/uploads\/2021\/06\/Los-acabados-de-revelador-estandar-dejan-mucho-que-desear.jpeg 987w, https:\/\/ddgro.eu\/wp-content\/uploads\/2021\/06\/Los-acabados-de-revelador-estandar-dejan-mucho-que-desear-300x225.jpeg 300w, https:\/\/ddgro.eu\/wp-content\/uploads\/2021\/06\/Los-acabados-de-revelador-estandar-dejan-mucho-que-desear-768x576.jpeg 768w\" sizes=\"(max-width: 987px) 100vw, 987px\" \/><\/a><\/figure>\n<\/figure>\n\n\n\n\n\n<p>Para convertir el espacio previamente inutilizado en nuestra terraza de ensue\u00f1o, basta con quitar la superficie vieja.<\/p>\n\n\n\n<p>Se necesitar\u00e1 poco tiempo para quitar las tablas o los m\u00f3dulos viejos de la madera. El c\u00e9sped que luego podr\u00eda crecer en la terraza debe retirarse del espacio debajo de la terraza.<\/p>\n\n\n\n<p>Se debe estabilizar toda la superficie, hacer el lecho de arena y cemento y cubrirlo con geotextil.<\/p>\n\n\n\n<p>En una superficie as\u00ed preparada, coloque los bloques de concreto m\u00e1s comunes con el espacio para las vigas. Incluso puedes usar azulejos de la antigua terraza. Dependiendo del proveedor, la separaci\u00f3n de los soportes debajo de las viguetas debe ser de 30 a 50 cm.<\/p>\n\n\n\n<figure class=\"wp-block-gallery has-nested-images columns-default is-cropped wp-block-gallery-2 is-layout-flex wp-block-gallery-is-layout-flex\">\n<figure class=\"wp-block-image size-large\"><a href=\"https:\/\/ddgro.eu\/wp-content\/uploads\/2021\/06\/sustrato-preparado-para-una-terraza-compuesta-en-el-suelo.jpg\"><img decoding=\"async\" width=\"800\" height=\"600\" data-id=\"61817\" src=\"https:\/\/ddgro.eu\/wp-content\/uploads\/2021\/06\/sustrato-preparado-para-una-terraza-compuesta-en-el-suelo.jpg\" alt=\"espaciado de bloques de acera debajo de las vigas de la terraza compuesta\" class=\"wp-image-61817\" srcset=\"https:\/\/ddgro.eu\/wp-content\/uploads\/2021\/06\/sustrato-preparado-para-una-terraza-compuesta-en-el-suelo.jpg 800w, https:\/\/ddgro.eu\/wp-content\/uploads\/2021\/06\/sustrato-preparado-para-una-terraza-compuesta-en-el-suelo-300x225.jpg 300w, https:\/\/ddgro.eu\/wp-content\/uploads\/2021\/06\/sustrato-preparado-para-una-terraza-compuesta-en-el-suelo-768x576.jpg 768w\" sizes=\"(max-width: 800px) 100vw, 800px\" \/><\/a><\/figure>\n\n\n\n<figure class=\"wp-block-image size-large\"><a href=\"https:\/\/ddgro.eu\/wp-content\/uploads\/2021\/06\/como-hacer-una-subestructura-de-una-terraza-ventilada-en-el-suelo.jpg\"><img decoding=\"async\" width=\"800\" height=\"600\" data-id=\"61782\" src=\"https:\/\/ddgro.eu\/wp-content\/uploads\/2021\/06\/como-hacer-una-subestructura-de-una-terraza-ventilada-en-el-suelo.jpg\" alt=\"Inicio de la instalaci\u00f3n de la terraza compuesta en el suelo.\" class=\"wp-image-61782\" srcset=\"https:\/\/ddgro.eu\/wp-content\/uploads\/2021\/06\/como-hacer-una-subestructura-de-una-terraza-ventilada-en-el-suelo.jpg 800w, https:\/\/ddgro.eu\/wp-content\/uploads\/2021\/06\/como-hacer-una-subestructura-de-una-terraza-ventilada-en-el-suelo-300x225.jpg 300w, https:\/\/ddgro.eu\/wp-content\/uploads\/2021\/06\/como-hacer-una-subestructura-de-una-terraza-ventilada-en-el-suelo-768x576.jpg 768w\" sizes=\"(max-width: 800px) 100vw, 800px\" \/><\/a><\/figure>\n\n\n\n<figure class=\"wp-block-image size-large\"><a href=\"https:\/\/ddgro.eu\/wp-content\/uploads\/2021\/06\/subestructura-de-una-terraza-compuesta-en-el-suelo.jpg\"><img decoding=\"async\" width=\"800\" height=\"600\" data-id=\"61812\" src=\"https:\/\/ddgro.eu\/wp-content\/uploads\/2021\/06\/subestructura-de-una-terraza-compuesta-en-el-suelo.jpg\" alt=\"primeros pasos para instalar una terraza compuesta en el suelo\" class=\"wp-image-61812\" srcset=\"https:\/\/ddgro.eu\/wp-content\/uploads\/2021\/06\/subestructura-de-una-terraza-compuesta-en-el-suelo.jpg 800w, https:\/\/ddgro.eu\/wp-content\/uploads\/2021\/06\/subestructura-de-una-terraza-compuesta-en-el-suelo-300x225.jpg 300w, https:\/\/ddgro.eu\/wp-content\/uploads\/2021\/06\/subestructura-de-una-terraza-compuesta-en-el-suelo-768x576.jpg 768w\" sizes=\"(max-width: 800px) 100vw, 800px\" \/><\/a><\/figure>\n<\/figure>\n\n\n\n<p>Los soportes regulables se nivelan con las viguetas a la altura adecuada para que la superficie de la terraza sea igual al marco de la ventana del balc\u00f3n.<\/p>\n\n\n\n<p>Luego procedemos a disponer las tablas en la terraza y hacer los paneles laterales.<\/p>\n\n\n\n\n\n<p>Todos los que hicieron tal metamorfosis de su terraza dicen que no esperaban poder tener un espacio tan agradable a su disposici\u00f3n para usar en los d\u00edas c\u00e1lidos.<\/p>\n\n\n\n<p>Ahora no hay nada m\u00e1s que hacer que encontrar algo de tiempo para usar la terraza.<\/p>\n\n\n\n<figure class=\"wp-block-gallery has-nested-images columns-default is-cropped wp-block-gallery-3 is-layout-flex wp-block-gallery-is-layout-flex\">\n<figure class=\"wp-block-image size-large\"><a href=\"https:\/\/ddgro.eu\/wp-content\/uploads\/2021\/06\/nueva-terraza-compuesta-acabada-en-el-suelo.jpg\"><img decoding=\"async\" width=\"800\" height=\"600\" data-id=\"61807\" src=\"https:\/\/ddgro.eu\/wp-content\/uploads\/2021\/06\/nueva-terraza-compuesta-acabada-en-el-suelo.jpg\" alt=\"una nueva terraza compuesta perfecta en el suelo\" class=\"wp-image-61807\" srcset=\"https:\/\/ddgro.eu\/wp-content\/uploads\/2021\/06\/nueva-terraza-compuesta-acabada-en-el-suelo.jpg 800w, https:\/\/ddgro.eu\/wp-content\/uploads\/2021\/06\/nueva-terraza-compuesta-acabada-en-el-suelo-300x225.jpg 300w, https:\/\/ddgro.eu\/wp-content\/uploads\/2021\/06\/nueva-terraza-compuesta-acabada-en-el-suelo-768x576.jpg 768w\" sizes=\"(max-width: 800px) 100vw, 800px\" \/><\/a><\/figure>\n\n\n\n<figure class=\"wp-block-image size-large\"><a href=\"https:\/\/ddgro.eu\/wp-content\/uploads\/2021\/06\/terraza-compuesta-ventilada-en-el-suelo.jpg\"><img decoding=\"async\" width=\"800\" height=\"600\" data-id=\"61822\" src=\"https:\/\/ddgro.eu\/wp-content\/uploads\/2021\/06\/terraza-compuesta-ventilada-en-el-suelo.jpg\" alt=\"Terraza compuesta sobre soportes regulables en un apartamento de planta baja\" class=\"wp-image-61822\" srcset=\"https:\/\/ddgro.eu\/wp-content\/uploads\/2021\/06\/terraza-compuesta-ventilada-en-el-suelo.jpg 800w, https:\/\/ddgro.eu\/wp-content\/uploads\/2021\/06\/terraza-compuesta-ventilada-en-el-suelo-300x225.jpg 300w, https:\/\/ddgro.eu\/wp-content\/uploads\/2021\/06\/terraza-compuesta-ventilada-en-el-suelo-768x576.jpg 768w\" sizes=\"(max-width: 800px) 100vw, 800px\" \/><\/a><\/figure>\n<\/figure>\n\n\n\n<p><a href=\"https:\/\/ddgro.eu\/es\/formulario-de-contacto\/\">No dude en contactarnos si tiene alguna pregunta<\/a>. Te ayudaremos a disipar dudas y sugeriremos una soluci\u00f3n adecuada.<\/p>\n","protected":false},"excerpt":{"rendered":"<p>Cada vez m\u00e1s en los jardines encontramos una terraza compuesta sobre soportes regulables. \u00a1Nuestros jardines se pueden cambiar r\u00e1pidamente gracias a las terrazas ventiladas!<\/p>\n","protected":false},"author":10,"featured_media":61822,"comment_status":"closed","ping_status":"closed","sticky":false,"template":"","format":"standard","meta":{"_acf_changed":false,"footnotes":""},"categories":[396],"tags":[],"post_folder":[],"acf":[],"yoast_head":"<!-- This site is optimized with the Yoast SEO plugin v22.2 - https:\/\/yoast.com\/wordpress\/plugins\/seo\/ -->\n<title>Terraza compuesta sobre soportes regulables en un apartamento de planta baja \u2022\u2022\u2022 DD Group<\/title>\n<meta name=\"description\" content=\"Cada vez m\u00e1s en los jardines encontramos una terraza compuesta sobre soportes regulables. \u00a1Nuestros jardines se pueden cambiar r\u00e1pidamente gracias a las terrazas ventiladas! \u2022\u2022\u2022 DD Group\" \/>\n<meta name=\"robots\" content=\"index, follow, max-snippet:-1, max-image-preview:large, max-video-preview:-1\" \/>\n<link rel=\"canonical\" href=\"https:\/\/ddgro.eu\/es\/blog\/terraza-compuesta-sobre-soportes-regulables\/\" \/>\n<meta property=\"og:locale\" content=\"es_ES\" \/>\n<meta property=\"og:type\" content=\"article\" \/>\n<meta property=\"og:title\" content=\"Terraza compuesta sobre soportes regulables en un apartamento de planta baja \u2022\u2022\u2022 DD Group\" \/>\n<meta property=\"og:description\" content=\"Cada vez m\u00e1s en los jardines encontramos una terraza compuesta sobre soportes regulables. \u00a1Nuestros jardines se pueden cambiar r\u00e1pidamente gracias a las terrazas ventiladas! \u2022\u2022\u2022 DD Group\" \/>\n<meta property=\"og:url\" content=\"https:\/\/ddgro.eu\/es\/blog\/terraza-compuesta-sobre-soportes-regulables\/\" \/>\n<meta property=\"og:site_name\" content=\"DD GROUP\" \/>\n<meta property=\"article:publisher\" content=\"https:\/\/www.facebook.com\/ddpedestals\" \/>\n<meta property=\"article:published_time\" content=\"2021-06-23T12:36:56+00:00\" \/>\n<meta property=\"article:modified_time\" content=\"2024-04-16T15:51:22+00:00\" \/>\n<meta property=\"og:image\" content=\"https:\/\/ddgro.eu\/wp-content\/uploads\/2021\/06\/terraza-compuesta-ventilada-en-el-suelo.jpg\" \/>\n\t<meta property=\"og:image:width\" content=\"800\" \/>\n\t<meta property=\"og:image:height\" content=\"600\" \/>\n\t<meta property=\"og:image:type\" content=\"image\/jpeg\" \/>\n<meta name=\"author\" content=\"Aleksandra Pankowska\" \/>\n<meta name=\"twitter:label1\" content=\"Escrito por\" \/>\n\t<meta name=\"twitter:data1\" content=\"Aleksandra Pankowska\" \/>\n\t<meta name=\"twitter:label2\" content=\"Tiempo de lectura\" \/>\n\t<meta name=\"twitter:data2\" content=\"3 minutos\" \/>\n<script type=\"application\/ld+json\" class=\"yoast-schema-graph\">{\"@context\":\"https:\/\/schema.org\",\"@graph\":[{\"@type\":\"Article\",\"@id\":\"https:\/\/ddgro.eu\/es\/blog\/terraza-compuesta-sobre-soportes-regulables\/#article\",\"isPartOf\":{\"@id\":\"https:\/\/ddgro.eu\/es\/blog\/terraza-compuesta-sobre-soportes-regulables\/\"},\"author\":{\"name\":\"Aleksandra Pankowska\",\"@id\":\"https:\/\/ddgro.eu\/es\/#\/schema\/person\/61c2f2d740eca427ceb27590540a60e1\"},\"headline\":\"Terraza compuesta sobre soportes regulables en un apartamento de planta baja\",\"datePublished\":\"2021-06-23T12:36:56+00:00\",\"dateModified\":\"2024-04-16T15:51:22+00:00\",\"mainEntityOfPage\":{\"@id\":\"https:\/\/ddgro.eu\/es\/blog\/terraza-compuesta-sobre-soportes-regulables\/\"},\"wordCount\":344,\"publisher\":{\"@id\":\"https:\/\/ddgro.eu\/es\/#organization\"},\"image\":{\"@id\":\"https:\/\/ddgro.eu\/es\/blog\/terraza-compuesta-sobre-soportes-regulables\/#primaryimage\"},\"thumbnailUrl\":\"https:\/\/ddgro.eu\/wp-content\/uploads\/2021\/06\/terraza-compuesta-ventilada-en-el-suelo.jpg\",\"articleSection\":[\"PROYECTOS\"],\"inLanguage\":\"es\"},{\"@type\":\"WebPage\",\"@id\":\"https:\/\/ddgro.eu\/es\/blog\/terraza-compuesta-sobre-soportes-regulables\/\",\"url\":\"https:\/\/ddgro.eu\/es\/blog\/terraza-compuesta-sobre-soportes-regulables\/\",\"name\":\"Terraza compuesta sobre soportes regulables en un apartamento de planta baja \u2022\u2022\u2022 DD Group\",\"isPartOf\":{\"@id\":\"https:\/\/ddgro.eu\/es\/#website\"},\"primaryImageOfPage\":{\"@id\":\"https:\/\/ddgro.eu\/es\/blog\/terraza-compuesta-sobre-soportes-regulables\/#primaryimage\"},\"image\":{\"@id\":\"https:\/\/ddgro.eu\/es\/blog\/terraza-compuesta-sobre-soportes-regulables\/#primaryimage\"},\"thumbnailUrl\":\"https:\/\/ddgro.eu\/wp-content\/uploads\/2021\/06\/terraza-compuesta-ventilada-en-el-suelo.jpg\",\"datePublished\":\"2021-06-23T12:36:56+00:00\",\"dateModified\":\"2024-04-16T15:51:22+00:00\",\"description\":\"Cada vez m\u00e1s en los jardines encontramos una terraza compuesta sobre soportes regulables. \u00a1Nuestros jardines se pueden cambiar r\u00e1pidamente gracias a las terrazas ventiladas! \u2022\u2022\u2022 DD Group\",\"breadcrumb\":{\"@id\":\"https:\/\/ddgro.eu\/es\/blog\/terraza-compuesta-sobre-soportes-regulables\/#breadcrumb\"},\"inLanguage\":\"es\",\"potentialAction\":[{\"@type\":\"ReadAction\",\"target\":[\"https:\/\/ddgro.eu\/es\/blog\/terraza-compuesta-sobre-soportes-regulables\/\"]}]},{\"@type\":\"ImageObject\",\"inLanguage\":\"es\",\"@id\":\"https:\/\/ddgro.eu\/es\/blog\/terraza-compuesta-sobre-soportes-regulables\/#primaryimage\",\"url\":\"https:\/\/ddgro.eu\/wp-content\/uploads\/2021\/06\/terraza-compuesta-ventilada-en-el-suelo.jpg\",\"contentUrl\":\"https:\/\/ddgro.eu\/wp-content\/uploads\/2021\/06\/terraza-compuesta-ventilada-en-el-suelo.jpg\",\"width\":800,\"height\":600,\"caption\":\"Terraza compuesta sobre soportes regulables en un apartamento de planta baja\"},{\"@type\":\"BreadcrumbList\",\"@id\":\"https:\/\/ddgro.eu\/es\/blog\/terraza-compuesta-sobre-soportes-regulables\/#breadcrumb\",\"itemListElement\":[{\"@type\":\"ListItem\",\"position\":1,\"name\":\"P\u00e1gina principal\",\"item\":\"https:\/\/ddgro.eu\/es\/\"},{\"@type\":\"ListItem\",\"position\":2,\"name\":\"Terraza compuesta sobre soportes regulables en un apartamento de planta baja\"}]},{\"@type\":\"WebSite\",\"@id\":\"https:\/\/ddgro.eu\/es\/#website\",\"url\":\"https:\/\/ddgro.eu\/es\/\",\"name\":\"DD GROUP\",\"description\":\"\",\"publisher\":{\"@id\":\"https:\/\/ddgro.eu\/es\/#organization\"},\"potentialAction\":[{\"@type\":\"SearchAction\",\"target\":{\"@type\":\"EntryPoint\",\"urlTemplate\":\"https:\/\/ddgro.eu\/es\/?s={search_term_string}\"},\"query-input\":\"required name=search_term_string\"}],\"inLanguage\":\"es\"},{\"@type\":\"Organization\",\"@id\":\"https:\/\/ddgro.eu\/es\/#organization\",\"name\":\"Deck-Dry Polska sp. z o.o.\",\"url\":\"https:\/\/ddgro.eu\/es\/\",\"logo\":{\"@type\":\"ImageObject\",\"inLanguage\":\"es\",\"@id\":\"https:\/\/ddgro.eu\/es\/#\/schema\/logo\/image\/\",\"url\":\"https:\/\/ddgro.eu\/wp-content\/uploads\/2018\/05\/logo-nowe-dd.png\",\"contentUrl\":\"https:\/\/ddgro.eu\/wp-content\/uploads\/2018\/05\/logo-nowe-dd.png\",\"width\":\"343\",\"height\":\"72\",\"caption\":\"Deck-Dry Polska sp. z o.o.\"},\"image\":{\"@id\":\"https:\/\/ddgro.eu\/es\/#\/schema\/logo\/image\/\"},\"sameAs\":[\"https:\/\/www.facebook.com\/ddpedestals\",\"https:\/\/www.linkedin.com\/company\/dd-pedestals\/\",\"https:\/\/www.instagram.com\/ddpedestals\/\"]},{\"@type\":\"Person\",\"@id\":\"https:\/\/ddgro.eu\/es\/#\/schema\/person\/61c2f2d740eca427ceb27590540a60e1\",\"name\":\"Aleksandra Pankowska\",\"image\":{\"@type\":\"ImageObject\",\"inLanguage\":\"es\",\"@id\":\"https:\/\/ddgro.eu\/es\/#\/schema\/person\/image\/\",\"url\":\"https:\/\/secure.gravatar.com\/avatar\/c345efba3a86983bb1a948d446acfbef?s=96&d=mm&r=g\",\"contentUrl\":\"https:\/\/secure.gravatar.com\/avatar\/c345efba3a86983bb1a948d446acfbef?s=96&d=mm&r=g\",\"caption\":\"Aleksandra Pankowska\"}}]}<\/script>\n<!-- \/ Yoast SEO plugin. -->","yoast_head_json":{"title":"Terraza compuesta sobre soportes regulables en un apartamento de planta baja \u2022\u2022\u2022 DD Group","description":"Cada vez m\u00e1s en los jardines encontramos una terraza compuesta sobre soportes regulables. \u00a1Nuestros jardines se pueden cambiar r\u00e1pidamente gracias a las terrazas ventiladas! \u2022\u2022\u2022 DD Group","robots":{"index":"index","follow":"follow","max-snippet":"max-snippet:-1","max-image-preview":"max-image-preview:large","max-video-preview":"max-video-preview:-1"},"canonical":"https:\/\/ddgro.eu\/es\/blog\/terraza-compuesta-sobre-soportes-regulables\/","og_locale":"es_ES","og_type":"article","og_title":"Terraza compuesta sobre soportes regulables en un apartamento de planta baja \u2022\u2022\u2022 DD Group","og_description":"Cada vez m\u00e1s en los jardines encontramos una terraza compuesta sobre soportes regulables. \u00a1Nuestros jardines se pueden cambiar r\u00e1pidamente gracias a las terrazas ventiladas! \u2022\u2022\u2022 DD Group","og_url":"https:\/\/ddgro.eu\/es\/blog\/terraza-compuesta-sobre-soportes-regulables\/","og_site_name":"DD GROUP","article_publisher":"https:\/\/www.facebook.com\/ddpedestals","article_published_time":"2021-06-23T12:36:56+00:00","article_modified_time":"2024-04-16T15:51:22+00:00","og_image":[{"width":800,"height":600,"url":"https:\/\/ddgro.eu\/wp-content\/uploads\/2021\/06\/terraza-compuesta-ventilada-en-el-suelo.jpg","type":"image\/jpeg"}],"author":"Aleksandra Pankowska","twitter_misc":{"Escrito por":"Aleksandra Pankowska","Tiempo de lectura":"3 minutos"},"schema":{"@context":"https:\/\/schema.org","@graph":[{"@type":"Article","@id":"https:\/\/ddgro.eu\/es\/blog\/terraza-compuesta-sobre-soportes-regulables\/#article","isPartOf":{"@id":"https:\/\/ddgro.eu\/es\/blog\/terraza-compuesta-sobre-soportes-regulables\/"},"author":{"name":"Aleksandra Pankowska","@id":"https:\/\/ddgro.eu\/es\/#\/schema\/person\/61c2f2d740eca427ceb27590540a60e1"},"headline":"Terraza compuesta sobre soportes regulables en un apartamento de planta baja","datePublished":"2021-06-23T12:36:56+00:00","dateModified":"2024-04-16T15:51:22+00:00","mainEntityOfPage":{"@id":"https:\/\/ddgro.eu\/es\/blog\/terraza-compuesta-sobre-soportes-regulables\/"},"wordCount":344,"publisher":{"@id":"https:\/\/ddgro.eu\/es\/#organization"},"image":{"@id":"https:\/\/ddgro.eu\/es\/blog\/terraza-compuesta-sobre-soportes-regulables\/#primaryimage"},"thumbnailUrl":"https:\/\/ddgro.eu\/wp-content\/uploads\/2021\/06\/terraza-compuesta-ventilada-en-el-suelo.jpg","articleSection":["PROYECTOS"],"inLanguage":"es"},{"@type":"WebPage","@id":"https:\/\/ddgro.eu\/es\/blog\/terraza-compuesta-sobre-soportes-regulables\/","url":"https:\/\/ddgro.eu\/es\/blog\/terraza-compuesta-sobre-soportes-regulables\/","name":"Terraza compuesta sobre soportes regulables en un apartamento de planta baja \u2022\u2022\u2022 DD Group","isPartOf":{"@id":"https:\/\/ddgro.eu\/es\/#website"},"primaryImageOfPage":{"@id":"https:\/\/ddgro.eu\/es\/blog\/terraza-compuesta-sobre-soportes-regulables\/#primaryimage"},"image":{"@id":"https:\/\/ddgro.eu\/es\/blog\/terraza-compuesta-sobre-soportes-regulables\/#primaryimage"},"thumbnailUrl":"https:\/\/ddgro.eu\/wp-content\/uploads\/2021\/06\/terraza-compuesta-ventilada-en-el-suelo.jpg","datePublished":"2021-06-23T12:36:56+00:00","dateModified":"2024-04-16T15:51:22+00:00","description":"Cada vez m\u00e1s en los jardines encontramos una terraza compuesta sobre soportes regulables. \u00a1Nuestros jardines se pueden cambiar r\u00e1pidamente gracias a las terrazas ventiladas! \u2022\u2022\u2022 DD Group","breadcrumb":{"@id":"https:\/\/ddgro.eu\/es\/blog\/terraza-compuesta-sobre-soportes-regulables\/#breadcrumb"},"inLanguage":"es","potentialAction":[{"@type":"ReadAction","target":["https:\/\/ddgro.eu\/es\/blog\/terraza-compuesta-sobre-soportes-regulables\/"]}]},{"@type":"ImageObject","inLanguage":"es","@id":"https:\/\/ddgro.eu\/es\/blog\/terraza-compuesta-sobre-soportes-regulables\/#primaryimage","url":"https:\/\/ddgro.eu\/wp-content\/uploads\/2021\/06\/terraza-compuesta-ventilada-en-el-suelo.jpg","contentUrl":"https:\/\/ddgro.eu\/wp-content\/uploads\/2021\/06\/terraza-compuesta-ventilada-en-el-suelo.jpg","width":800,"height":600,"caption":"Terraza compuesta sobre soportes regulables en un apartamento de planta baja"},{"@type":"BreadcrumbList","@id":"https:\/\/ddgro.eu\/es\/blog\/terraza-compuesta-sobre-soportes-regulables\/#breadcrumb","itemListElement":[{"@type":"ListItem","position":1,"name":"P\u00e1gina principal","item":"https:\/\/ddgro.eu\/es\/"},{"@type":"ListItem","position":2,"name":"Terraza compuesta sobre soportes regulables en un apartamento de planta baja"}]},{"@type":"WebSite","@id":"https:\/\/ddgro.eu\/es\/#website","url":"https:\/\/ddgro.eu\/es\/","name":"DD GROUP","description":"","publisher":{"@id":"https:\/\/ddgro.eu\/es\/#organization"},"potentialAction":[{"@type":"SearchAction","target":{"@type":"EntryPoint","urlTemplate":"https:\/\/ddgro.eu\/es\/?s={search_term_string}"},"query-input":"required name=search_term_string"}],"inLanguage":"es"},{"@type":"Organization","@id":"https:\/\/ddgro.eu\/es\/#organization","name":"Deck-Dry Polska sp. z o.o.","url":"https:\/\/ddgro.eu\/es\/","logo":{"@type":"ImageObject","inLanguage":"es","@id":"https:\/\/ddgro.eu\/es\/#\/schema\/logo\/image\/","url":"https:\/\/ddgro.eu\/wp-content\/uploads\/2018\/05\/logo-nowe-dd.png","contentUrl":"https:\/\/ddgro.eu\/wp-content\/uploads\/2018\/05\/logo-nowe-dd.png","width":"343","height":"72","caption":"Deck-Dry Polska sp. z o.o."},"image":{"@id":"https:\/\/ddgro.eu\/es\/#\/schema\/logo\/image\/"},"sameAs":["https:\/\/www.facebook.com\/ddpedestals","https:\/\/www.linkedin.com\/company\/dd-pedestals\/","https:\/\/www.instagram.com\/ddpedestals\/"]},{"@type":"Person","@id":"https:\/\/ddgro.eu\/es\/#\/schema\/person\/61c2f2d740eca427ceb27590540a60e1","name":"Aleksandra Pankowska","image":{"@type":"ImageObject","inLanguage":"es","@id":"https:\/\/ddgro.eu\/es\/#\/schema\/person\/image\/","url":"https:\/\/secure.gravatar.com\/avatar\/c345efba3a86983bb1a948d446acfbef?s=96&d=mm&r=g","contentUrl":"https:\/\/secure.gravatar.com\/avatar\/c345efba3a86983bb1a948d446acfbef?s=96&d=mm&r=g","caption":"Aleksandra Pankowska"}}]}},"_links":{"self":[{"href":"https:\/\/ddgro.eu\/es\/wp-json\/wp\/v2\/posts\/61781"}],"collection":[{"href":"https:\/\/ddgro.eu\/es\/wp-json\/wp\/v2\/posts"}],"about":[{"href":"https:\/\/ddgro.eu\/es\/wp-json\/wp\/v2\/types\/post"}],"author":[{"embeddable":true,"href":"https:\/\/ddgro.eu\/es\/wp-json\/wp\/v2\/users\/10"}],"replies":[{"embeddable":true,"href":"https:\/\/ddgro.eu\/es\/wp-json\/wp\/v2\/comments?post=61781"}],"version-history":[{"count":1,"href":"https:\/\/ddgro.eu\/es\/wp-json\/wp\/v2\/posts\/61781\/revisions"}],"predecessor-version":[{"id":122721,"href":"https:\/\/ddgro.eu\/es\/wp-json\/wp\/v2\/posts\/61781\/revisions\/122721"}],"wp:featuredmedia":[{"embeddable":true,"href":"https:\/\/ddgro.eu\/es\/wp-json\/wp\/v2\/media\/61822"}],"wp:attachment":[{"href":"https:\/\/ddgro.eu\/es\/wp-json\/wp\/v2\/media?parent=61781"}],"wp:term":[{"taxonomy":"category","embeddable":true,"href":"https:\/\/ddgro.eu\/es\/wp-json\/wp\/v2\/categories?post=61781"},{"taxonomy":"post_tag","embeddable":true,"href":"https:\/\/ddgro.eu\/es\/wp-json\/wp\/v2\/tags?post=61781"},{"taxonomy":"post_folder","embeddable":true,"href":"https:\/\/ddgro.eu\/es\/wp-json\/wp\/v2\/post_folder?post=61781"}],"curies":[{"name":"wp","href":"https:\/\/api.w.org\/{rel}","templated":true}]}}