{"id":39988,"date":"2020-11-04T13:25:28","date_gmt":"2020-11-04T12:25:28","guid":{"rendered":"https:\/\/ddgro.eu\/?p=39988"},"modified":"2024-06-10T10:45:18","modified_gmt":"2024-06-10T08:45:18","slug":"wie-wahlt-man-die-richtige-breite-der-fuge-auf-der-terrasse","status":"publish","type":"post","link":"https:\/\/ddgro.eu\/de\/blog\/wie-wahlt-man-die-richtige-breite-der-fuge-auf-der-terrasse\/","title":{"rendered":"Wie w\u00e4hlt man die richtige Breite der Fuge auf der Terrasse?"},"content":{"rendered":"\n<p>Sie haben oft Schwierigkeiten zu entscheiden, welche Breite der Fuge auf der Terrasse Sie w\u00e4hlen m\u00f6chten. Aus diesem Grund haben wir uns entschlossen, diesen Artikel zu erstellen und zu erkl\u00e4ren, was eine Fuge ist und welche Eigenschaften bei der Auswahl ber\u00fccksichtigt werden sollten.<\/p>\n\n\n\n<figure class=\"wp-block-pullquote\"><blockquote><p>Was ist eine Fuge?<\/p><\/blockquote><\/figure>\n\n\n\n<p>Die Fuge (Fuge) ist im Gegensatz zu geklebten Terrassen (unter diesem Link finden Sie die Nachteile von geklebten Terrassen, d. H. Terrassen, die nach der herk\u00f6mmlichen Methode installiert wurden) eine L\u00fccke zwischen den benachbarten Terrassenplatten in Bezug auf die Breite.Sie stellt den gleichen Abstand zwischen den Platten ein.<\/p>\n\n\n\n<p>Beim Bau bel\u00fcfteter, d. H. Erh\u00f6hter Terrassen ist dies ein sehr wichtiges Element der Terrasse. Dank dessen kann das Wasser frei in die unteren Teile der Terrasse flie\u00dfen. Wenn wir die Fuge nicht auf der Terrasse gemacht h\u00e4tten, h\u00e4tte das Regenwasser den Entw\u00e4sserungsweg blockiert. Es w\u00fcrde auf der Oberfl\u00e4che der Platten bleiben.<\/p>\n\n\n\n<figure class=\"wp-block-gallery has-nested-images columns-default is-cropped wp-block-gallery-1 is-layout-flex wp-block-gallery-is-layout-flex\">\n<figure class=\"wp-block-image size-large\"><a href=\"https:\/\/ddgro.eu\/wp-content\/uploads\/2020\/11\/Fugenbreite-auf-einer-belufteten-Terrasse.jpg\"><img decoding=\"async\" width=\"389\" height=\"800\" data-id=\"40002\" src=\"https:\/\/ddgro.eu\/wp-content\/uploads\/2020\/11\/Fugenbreite-auf-einer-belufteten-Terrasse.jpg\" alt=\"\" class=\"wp-image-40002\" srcset=\"https:\/\/ddgro.eu\/wp-content\/uploads\/2020\/11\/Fugenbreite-auf-einer-belufteten-Terrasse.jpg 389w, https:\/\/ddgro.eu\/wp-content\/uploads\/2020\/11\/Fugenbreite-auf-einer-belufteten-Terrasse-146x300.jpg 146w\" sizes=\"(max-width: 389px) 100vw, 389px\" \/><\/a><\/figure>\n<\/figure>\n\n\n\n<figure class=\"wp-block-gallery has-nested-images columns-default is-cropped wp-block-gallery-2 is-layout-flex wp-block-gallery-is-layout-flex\">\n<figure class=\"wp-block-image size-large\"><a href=\"https:\/\/ddgro.eu\/wp-content\/uploads\/2020\/11\/Fugenbreite-zwischen-den-Paneelen.png\"><img decoding=\"async\" width=\"1024\" height=\"767\" data-id=\"40003\" src=\"https:\/\/ddgro.eu\/wp-content\/uploads\/2020\/11\/Fugenbreite-zwischen-den-Paneelen-1024x767.png\" alt=\"\" class=\"wp-image-40003\" srcset=\"https:\/\/ddgro.eu\/wp-content\/uploads\/2020\/11\/Fugenbreite-zwischen-den-Paneelen-1024x767.png 1024w, https:\/\/ddgro.eu\/wp-content\/uploads\/2020\/11\/Fugenbreite-zwischen-den-Paneelen-300x225.png 300w, https:\/\/ddgro.eu\/wp-content\/uploads\/2020\/11\/Fugenbreite-zwischen-den-Paneelen-768x575.png 768w, https:\/\/ddgro.eu\/wp-content\/uploads\/2020\/11\/Fugenbreite-zwischen-den-Paneelen.png 1062w\" sizes=\"(max-width: 1024px) 100vw, 1024px\" \/><\/a><\/figure>\n<\/figure>\n\n\n\n<figure class=\"wp-block-pullquote\"><blockquote><p>Wie w\u00e4hlt man die richtige Breite der Fuge auf der Terrasse?<\/p><\/blockquote><\/figure>\n\n\n\n<p>Wenn wir uns f\u00fcr die Installation einer bel\u00fcfteten Terrasse entschieden haben, m\u00fcssen wir uns bewusst sein, dass zwischen den Platten freie R\u00e4ume in Form von Fugen vorhanden sind.<\/p>\n\n\n\n<p><strong>Die Fugenbreite auf der Terrasse wird vom Abstandhalter definiert. Die Abstandshalter (auch als Fugen Schmetterlinge oder Schmetterlinge genannt) sind die Teile der Terrassenlager, die eine gleichm\u00e4\u00dfige L\u00fccke zwischen benachbarten Fliesen markieren.<\/strong><\/p>\n\n\n\n<p><strong>Fugenabstandhalter<\/strong> wurden speziell entwickelt, um systematisch&nbsp; bestimmte Fugenbreiten zu definieren. Dank ihnen ist jede Platte gleichm\u00e4\u00dfig angeordnet.<\/p>\n\n\n\n<h3 class=\"wp-block-heading\">Der Abstand zwischen benachbarten Platten bleibt w\u00e4hrend der gesamten Dauer der Terrasse gleich. Abstandsschmetterlinge sind nicht abnehmbar. Sie bleiben an der Halterung befestigt.<\/h3>\n\n\n\n<p>Dank der verbleibenden L\u00fccken kann das Wasser ungehindert in die folgenden Schichten und dann zu den Regenwasserabflussstellen flie\u00dfen.<\/p>\n\n\n\n<figure class=\"wp-block-gallery has-nested-images columns-default is-cropped wp-block-gallery-3 is-layout-flex wp-block-gallery-is-layout-flex\">\n<figure class=\"wp-block-image size-large\"><a href=\"https:\/\/ddgro.eu\/wp-content\/uploads\/2020\/11\/Holzahnliche-Bretter-auf-Terrassen-Stelzlager-verlegt.jpg\"><img decoding=\"async\" width=\"800\" height=\"598\" data-id=\"40005\" src=\"https:\/\/ddgro.eu\/wp-content\/uploads\/2020\/11\/Holzahnliche-Bretter-auf-Terrassen-Stelzlager-verlegt.jpg\" alt=\"Holz\u00e4hnliche Bretter auf Terrassen Stelzlager verlegt\" class=\"wp-image-40005\" srcset=\"https:\/\/ddgro.eu\/wp-content\/uploads\/2020\/11\/Holzahnliche-Bretter-auf-Terrassen-Stelzlager-verlegt.jpg 800w, https:\/\/ddgro.eu\/wp-content\/uploads\/2020\/11\/Holzahnliche-Bretter-auf-Terrassen-Stelzlager-verlegt-300x224.jpg 300w, https:\/\/ddgro.eu\/wp-content\/uploads\/2020\/11\/Holzahnliche-Bretter-auf-Terrassen-Stelzlager-verlegt-768x574.jpg 768w\" sizes=\"(max-width: 800px) 100vw, 800px\" \/><\/a><\/figure>\n\n\n\n<figure class=\"wp-block-image size-large\"><a href=\"https:\/\/ddgro.eu\/wp-content\/uploads\/2020\/11\/Fugenabstandhalter-definieren-bestimmte-Fugenbreite-zwischen-Terrassenbretter.png\"><img decoding=\"async\" width=\"798\" height=\"595\" data-id=\"40011\" src=\"https:\/\/ddgro.eu\/wp-content\/uploads\/2020\/11\/Fugenabstandhalter-definieren-bestimmte-Fugenbreite-zwischen-Terrassenbretter.png\" alt=\"\" class=\"wp-image-40011\" srcset=\"https:\/\/ddgro.eu\/wp-content\/uploads\/2020\/11\/Fugenabstandhalter-definieren-bestimmte-Fugenbreite-zwischen-Terrassenbretter.png 798w, https:\/\/ddgro.eu\/wp-content\/uploads\/2020\/11\/Fugenabstandhalter-definieren-bestimmte-Fugenbreite-zwischen-Terrassenbretter-300x224.png 300w, https:\/\/ddgro.eu\/wp-content\/uploads\/2020\/11\/Fugenabstandhalter-definieren-bestimmte-Fugenbreite-zwischen-Terrassenbretter-768x573.png 768w\" sizes=\"(max-width: 798px) 100vw, 798px\" \/><\/a><\/figure>\n<\/figure>\n\n\n\n<p>Terrassenlager DD Pedestals haben Fugenabstandhalter die f\u00fcr diesen Produkt speziell entwickelt und angepasst sind.<\/p>\n\n\n\n<p>Plattenlager zum Verlegen von Platten auf Kies und alle anderen Plattenlager f\u00fcr Platten haben eingebaute 3-mm-Fugenabstandhalter. Dies sind die oben installierten Breiten der Plattenfugen.&nbsp;<\/p>\n\n\n\n<figure class=\"wp-block-gallery has-nested-images columns-default is-cropped wp-block-gallery-4 is-layout-flex wp-block-gallery-is-layout-flex\">\n<figure class=\"wp-block-image size-large\"><a href=\"https:\/\/ddgro.eu\/wp-content\/uploads\/2020\/11\/Fugen-Abstandhalter-5-mm-fur-Fugen.png\"><img decoding=\"async\" width=\"801\" height=\"519\" data-id=\"39997\" src=\"https:\/\/ddgro.eu\/wp-content\/uploads\/2020\/11\/Fugen-Abstandhalter-5-mm-fur-Fugen.png\" alt=\"\" class=\"wp-image-39997\" srcset=\"https:\/\/ddgro.eu\/wp-content\/uploads\/2020\/11\/Fugen-Abstandhalter-5-mm-fur-Fugen.png 801w, https:\/\/ddgro.eu\/wp-content\/uploads\/2020\/11\/Fugen-Abstandhalter-5-mm-fur-Fugen-300x194.png 300w, https:\/\/ddgro.eu\/wp-content\/uploads\/2020\/11\/Fugen-Abstandhalter-5-mm-fur-Fugen-768x498.png 768w\" sizes=\"(max-width: 801px) 100vw, 801px\" \/><\/a><\/figure>\n\n\n\n<figure class=\"wp-block-image size-large\"><a href=\"https:\/\/ddgro.eu\/wp-content\/uploads\/2020\/11\/Fugenabstandhalter-3-mm-fur-Plattenlager.png\"><img decoding=\"async\" width=\"800\" height=\"432\" data-id=\"40008\" src=\"https:\/\/ddgro.eu\/wp-content\/uploads\/2020\/11\/Fugenabstandhalter-3-mm-fur-Plattenlager.png\" alt=\"\" class=\"wp-image-40008\" srcset=\"https:\/\/ddgro.eu\/wp-content\/uploads\/2020\/11\/Fugenabstandhalter-3-mm-fur-Plattenlager.png 800w, https:\/\/ddgro.eu\/wp-content\/uploads\/2020\/11\/Fugenabstandhalter-3-mm-fur-Plattenlager-300x162.png 300w, https:\/\/ddgro.eu\/wp-content\/uploads\/2020\/11\/Fugenabstandhalter-3-mm-fur-Plattenlager-768x415.png 768w\" sizes=\"(max-width: 800px) 100vw, 800px\" \/><\/a><\/figure>\n<\/figure>\n\n\n\n<p>Ein zus\u00e4tzlicher 5 mm Fugen Abstandhalter kann montiert werden. Sie sind an speziell daf\u00fcr vorgesehenen Stellen angebracht. Dies wird unten anhand eines Beispiels einer 2-mm-Basis veranschaulicht.<\/p>\n\n\n\n<figure class=\"wp-block-gallery has-nested-images columns-default is-cropped wp-block-gallery-5 is-layout-flex wp-block-gallery-is-layout-flex\">\n<figure class=\"wp-block-image size-large\"><a href=\"https:\/\/ddgro.eu\/wp-content\/uploads\/2020\/11\/zusatzlicher-Fugenabstandhalter-fur-Plattenlager.png\"><img decoding=\"async\" width=\"792\" height=\"464\" data-id=\"39992\" src=\"https:\/\/ddgro.eu\/wp-content\/uploads\/2020\/11\/zusatzlicher-Fugenabstandhalter-fur-Plattenlager.png\" alt=\"\" class=\"wp-image-39992\" srcset=\"https:\/\/ddgro.eu\/wp-content\/uploads\/2020\/11\/zusatzlicher-Fugenabstandhalter-fur-Plattenlager.png 792w, https:\/\/ddgro.eu\/wp-content\/uploads\/2020\/11\/zusatzlicher-Fugenabstandhalter-fur-Plattenlager-300x176.png 300w, https:\/\/ddgro.eu\/wp-content\/uploads\/2020\/11\/zusatzlicher-Fugenabstandhalter-fur-Plattenlager-768x450.png 768w\" sizes=\"(max-width: 792px) 100vw, 792px\" \/><\/a><\/figure>\n\n\n\n<figure class=\"wp-block-image size-large\"><a href=\"https:\/\/ddgro.eu\/wp-content\/uploads\/2020\/11\/speziell-angebrachte-Fugenabstandshalter.png\"><img decoding=\"async\" width=\"800\" height=\"703\" data-id=\"40006\" src=\"https:\/\/ddgro.eu\/wp-content\/uploads\/2020\/11\/speziell-angebrachte-Fugenabstandshalter.png\" alt=\"\" class=\"wp-image-40006\" srcset=\"https:\/\/ddgro.eu\/wp-content\/uploads\/2020\/11\/speziell-angebrachte-Fugenabstandshalter.png 800w, https:\/\/ddgro.eu\/wp-content\/uploads\/2020\/11\/speziell-angebrachte-Fugenabstandshalter-300x264.png 300w, https:\/\/ddgro.eu\/wp-content\/uploads\/2020\/11\/speziell-angebrachte-Fugenabstandshalter-768x675.png 768w\" sizes=\"(max-width: 800px) 100vw, 800px\" \/><\/a><\/figure>\n<\/figure>\n\n\n\n<p>Die Terrassen Stelzlager<a href=\"https:\/\/ddgro.eu\/de\/terrassenlager-hoehenverstellbar-spiral-10-210-mm-fur-platten\/\"> SPIRAL-Serie<\/a> verf\u00fcgt \u00fcber speziell entwickelte rotierende Scheiben. In den Scheiben sind die Fugenm\u00f6rtel installiert. Und auch hier w\u00e4hlen wir die Breite der Fugenabstands 3 mm oder 5 mm. Mit dem Unterschied, dass die Bl\u00e4tter selbst nicht ver\u00e4ndert oder hinzugef\u00fcgt werden, sondern die Scheibe anders ist.<\/p>\n\n\n\n<figure class=\"wp-block-gallery has-nested-images columns-default is-cropped wp-block-gallery-6 is-layout-flex wp-block-gallery-is-layout-flex\">\n<figure class=\"wp-block-image size-large\"><a href=\"https:\/\/ddgro.eu\/wp-content\/uploads\/2020\/11\/Fugenscheibe-mit-Distanzblechen-fur-die-Fuge-auf-der-Terrasse.jpg\"><img decoding=\"async\" width=\"992\" height=\"1008\" data-id=\"39990\" src=\"https:\/\/ddgro.eu\/wp-content\/uploads\/2020\/11\/Fugenscheibe-mit-Distanzblechen-fur-die-Fuge-auf-der-Terrasse.jpg\" alt=\"\" class=\"wp-image-39990\" srcset=\"https:\/\/ddgro.eu\/wp-content\/uploads\/2020\/11\/Fugenscheibe-mit-Distanzblechen-fur-die-Fuge-auf-der-Terrasse.jpg 992w, https:\/\/ddgro.eu\/wp-content\/uploads\/2020\/11\/Fugenscheibe-mit-Distanzblechen-fur-die-Fuge-auf-der-Terrasse-295x300.jpg 295w, https:\/\/ddgro.eu\/wp-content\/uploads\/2020\/11\/Fugenscheibe-mit-Distanzblechen-fur-die-Fuge-auf-der-Terrasse-768x780.jpg 768w\" sizes=\"(max-width: 992px) 100vw, 992px\" \/><\/a><\/figure>\n<\/figure>\n\n\n\n<p>Bei den Serien verstellbaren Stelzlager <a href=\"https:\/\/ddgro.eu\/de\/hoehenverstellbare-stelzlager-fuer-platten-standard\/\">STANDARD<\/a> und <a href=\"https:\/\/ddgro.eu\/de\/hoehenverstellbare-stelzlager-max\/\">MAX <\/a>werden die Schmetterlinge einzeln ausgew\u00e4hlt.<\/p>\n\n\n\n<p>Bei der Bestellung w\u00e4hlen wir, ob die Fugen f\u00fcr die Fuge 3 mm oder 5 mm betragen sollen und erhalten diese zusammen mit der Bestellung.<\/p>\n\n\n\n<p>Wir k\u00f6nnen sie direkt am oberen Stelzlager-Flansch sowie am selbstnivellierenden Kopf montieren. Nat\u00fcrlich, wenn Sie einen gekauft haben.<\/p>\n\n\n\n<figure class=\"wp-block-gallery has-nested-images columns-default is-cropped wp-block-gallery-7 is-layout-flex wp-block-gallery-is-layout-flex\">\n<figure class=\"wp-block-image size-large\"><a href=\"https:\/\/ddgro.eu\/wp-content\/uploads\/2020\/11\/Abstandhalter-auf-selbstnivellierenden-Kopf.png\"><img decoding=\"async\" width=\"758\" height=\"594\" data-id=\"39993\" src=\"https:\/\/ddgro.eu\/wp-content\/uploads\/2020\/11\/Abstandhalter-auf-selbstnivellierenden-Kopf.png\" alt=\"\" class=\"wp-image-39993\" srcset=\"https:\/\/ddgro.eu\/wp-content\/uploads\/2020\/11\/Abstandhalter-auf-selbstnivellierenden-Kopf.png 758w, https:\/\/ddgro.eu\/wp-content\/uploads\/2020\/11\/Abstandhalter-auf-selbstnivellierenden-Kopf-300x235.png 300w\" sizes=\"(max-width: 758px) 100vw, 758px\" \/><\/a><\/figure>\n\n\n\n<figure class=\"wp-block-image size-large\"><a href=\"https:\/\/ddgro.eu\/wp-content\/uploads\/2020\/11\/Fustandhalter-in-der-verstellbaren-Stelzlagersplattegenab.png\"><img decoding=\"async\" width=\"751\" height=\"540\" data-id=\"40004\" src=\"https:\/\/ddgro.eu\/wp-content\/uploads\/2020\/11\/Fustandhalter-in-der-verstellbaren-Stelzlagersplattegenab.png\" alt=\"\" class=\"wp-image-40004\" srcset=\"https:\/\/ddgro.eu\/wp-content\/uploads\/2020\/11\/Fustandhalter-in-der-verstellbaren-Stelzlagersplattegenab.png 751w, https:\/\/ddgro.eu\/wp-content\/uploads\/2020\/11\/Fustandhalter-in-der-verstellbaren-Stelzlagersplattegenab-300x216.png 300w\" sizes=\"(max-width: 751px) 100vw, 751px\" \/><\/a><\/figure>\n<\/figure>\n\n\n\n<figure class=\"wp-block-pullquote\"><blockquote><p>So bestimmen Sie die Breite der Fuge auf der Terrasse<\/p><\/blockquote><\/figure>\n\n\n\n<p>Die Breite der Fuge auf der Terrasse kann sehr schnell bestimmt werden.<\/p>\n\n\n\n<p>Es reicht aus, die Abstandshalter unserer Wahl an der daf\u00fcr vorgesehenen Stelle anzubringen. Und dann beginnen Sie, die Bretter an den von diesen Schmetterlingen markierten Stellen anzuordnen.<\/p>\n\n\n\n<figure class=\"wp-block-gallery has-nested-images columns-default is-cropped wp-block-gallery-8 is-layout-flex wp-block-gallery-is-layout-flex\">\n<figure class=\"wp-block-image size-large\"><a href=\"https:\/\/ddgro.eu\/wp-content\/uploads\/2020\/11\/Fugenabstand-zwischen-zwei-Terrassenplatten.png\"><img decoding=\"async\" width=\"790\" height=\"592\" data-id=\"40000\" src=\"https:\/\/ddgro.eu\/wp-content\/uploads\/2020\/11\/Fugenabstand-zwischen-zwei-Terrassenplatten.png\" alt=\"\" class=\"wp-image-40000\" srcset=\"https:\/\/ddgro.eu\/wp-content\/uploads\/2020\/11\/Fugenabstand-zwischen-zwei-Terrassenplatten.png 790w, https:\/\/ddgro.eu\/wp-content\/uploads\/2020\/11\/Fugenabstand-zwischen-zwei-Terrassenplatten-300x225.png 300w, https:\/\/ddgro.eu\/wp-content\/uploads\/2020\/11\/Fugenabstand-zwischen-zwei-Terrassenplatten-768x576.png 768w\" sizes=\"(max-width: 790px) 100vw, 790px\" \/><\/a><\/figure>\n<\/figure>\n\n\n\n<h2 class=\"wp-block-heading\">Die Breite der Fuge auf der Terrasse h\u00e4ngt stark von der Optik ab.<\/h2>\n\n\n\n<ul>\n<li>Es sind jedoch noch viele andere Aspekte zu ber\u00fccksichtigen:<\/li>\n\n\n\n<li>Die Menge des Regenwassers, die auf die Terrasse f\u00e4llt - es h\u00e4ngt von den L\u00fccken ab, ob der Wasserfluss unter den Platten effizient ist. Wird es genug sein? So dass das Wasser nicht an der Oberfl\u00e4che bleibt. Ein Spalt von 3 mm reicht v\u00f6llig aus, damit das Regenwasser frei von der Oberfl\u00e4che der Platten flie\u00dfen kann.<\/li>\n\n\n\n<li>Die Qualit\u00e4t der Platten. Sind ihre Kanten gerade genug, damit der Fugenabstand von 3 mm ausreicht, um alle Terrassenplatten gleichm\u00e4\u00dfig auf der Terrasse zu verlegen? M\u00f6glicherweise m\u00fcssen Sie einen 5-mm-Fugenabst\u00e4nde verwenden.<\/li>\n<\/ul>\n\n\n\n<ul>\n<li>Mit dem Plattenlager und insbesondere mit den modularen erm\u00f6glichen die Fugenabst\u00e4nde, die Abstandsl\u00fccke von den Grenzgrenzen zu trennen. Zum Beispiel W\u00e4nde, Balustraden, Schwellen usw. Es lohnt sich, die richtige Breite des Schlitzes zu w\u00e4hlen, damit Sie in Zukunft keine Probleme mit der Terrasse haben.<\/li>\n\n\n\n<li>Ein linker Spalt von mehr als 5 mm kann in Zukunft zu Problemen f\u00fchren. Wenn sie mit hohen Abs\u00e4tzen auf der Terrasse gehen, k\u00f6nnen sie in L\u00fccken fallen und zu ungl\u00fccklichen Unf\u00e4llen f\u00fchren. Sie k\u00f6nnen auch in kleine Elemente wie Stifte, kleines Kinderspielzeug, Zigaretten usw. fallen.<\/li>\n<\/ul>\n\n\n\n<figure class=\"wp-block-gallery has-nested-images columns-default is-cropped wp-block-gallery-9 is-layout-flex wp-block-gallery-is-layout-flex\">\n<figure class=\"wp-block-image size-large\"><a href=\"https:\/\/ddgro.eu\/wp-content\/uploads\/2020\/11\/Eine-Terrasse-aus-Platten-auf-verstellbaren-Stelzlager-verlegt.jpg\"><img decoding=\"async\" width=\"800\" height=\"600\" data-id=\"39989\" src=\"https:\/\/ddgro.eu\/wp-content\/uploads\/2020\/11\/Eine-Terrasse-aus-Platten-auf-verstellbaren-Stelzlager-verlegt.jpg\" alt=\"\" class=\"wp-image-39989\" srcset=\"https:\/\/ddgro.eu\/wp-content\/uploads\/2020\/11\/Eine-Terrasse-aus-Platten-auf-verstellbaren-Stelzlager-verlegt.jpg 800w, https:\/\/ddgro.eu\/wp-content\/uploads\/2020\/11\/Eine-Terrasse-aus-Platten-auf-verstellbaren-Stelzlager-verlegt-300x225.jpg 300w, https:\/\/ddgro.eu\/wp-content\/uploads\/2020\/11\/Eine-Terrasse-aus-Platten-auf-verstellbaren-Stelzlager-verlegt-768x576.jpg 768w\" sizes=\"(max-width: 800px) 100vw, 800px\" \/><\/a><\/figure>\n\n\n\n<figure class=\"wp-block-image size-large\"><a href=\"https:\/\/ddgro.eu\/wp-content\/uploads\/2020\/11\/Fugen-Schmetterlinge-die-die-Lucke-zwischen-den-Terrassenplatten-abgrenzen.png\"><img decoding=\"async\" width=\"594\" height=\"534\" data-id=\"39998\" src=\"https:\/\/ddgro.eu\/wp-content\/uploads\/2020\/11\/Fugen-Schmetterlinge-die-die-Lucke-zwischen-den-Terrassenplatten-abgrenzen.png\" alt=\"\" class=\"wp-image-39998\" srcset=\"https:\/\/ddgro.eu\/wp-content\/uploads\/2020\/11\/Fugen-Schmetterlinge-die-die-Lucke-zwischen-den-Terrassenplatten-abgrenzen.png 594w, https:\/\/ddgro.eu\/wp-content\/uploads\/2020\/11\/Fugen-Schmetterlinge-die-die-Lucke-zwischen-den-Terrassenplatten-abgrenzen-300x270.png 300w\" sizes=\"(max-width: 594px) 100vw, 594px\" \/><\/a><\/figure>\n<\/figure>\n\n\n\n<h2 class=\"wp-block-heading\">Die Fugenabstandhalter sind klein.<\/h2>\n\n\n\n<p>In einem sehr engen Schlitz (entweder 3 mm oder 5 mm) installiert, werden sie unsichtbar.<\/p>\n\n\n\n<h3 class=\"wp-block-heading\">Ihre H\u00f6he ist auch im Verh\u00e4ltnis zur Dicke der Terrassenplatten gering.<\/h3>\n\n\n\n<figure class=\"wp-block-gallery has-nested-images columns-default is-cropped wp-block-gallery-10 is-layout-flex wp-block-gallery-is-layout-flex\">\n<figure class=\"wp-block-image size-large\"><a href=\"https:\/\/ddgro.eu\/wp-content\/uploads\/2020\/11\/Fugenabstand-zwischen-keramischen-Terrassenplatten.png\"><img decoding=\"async\" width=\"808\" height=\"527\" data-id=\"39999\" src=\"https:\/\/ddgro.eu\/wp-content\/uploads\/2020\/11\/Fugenabstand-zwischen-keramischen-Terrassenplatten.png\" alt=\"\" class=\"wp-image-39999\" srcset=\"https:\/\/ddgro.eu\/wp-content\/uploads\/2020\/11\/Fugenabstand-zwischen-keramischen-Terrassenplatten.png 808w, https:\/\/ddgro.eu\/wp-content\/uploads\/2020\/11\/Fugenabstand-zwischen-keramischen-Terrassenplatten-300x196.png 300w, https:\/\/ddgro.eu\/wp-content\/uploads\/2020\/11\/Fugenabstand-zwischen-keramischen-Terrassenplatten-768x501.png 768w\" sizes=\"(max-width: 808px) 100vw, 808px\" \/><\/a><\/figure>\n<\/figure>\n\n\n\n<h2 class=\"wp-block-heading\">In unserem Angebot finden Sie auch <a href=\"https:\/\/www.youtube.com\/watch?v=Ob4LBvOmgm0&amp;feature=youtu.be\">K3-Entfernung Kreuze<\/a>.<\/h2>\n\n\n\n<p>Kurz gesagt, sie k\u00f6nnen als 4 Fugenabst\u00e4nde beschrieben werden, die zu einem Element zusammengefasst sind.<\/p>\n\n\n\n<p>Diese L\u00f6sung beschleunigt die Arbeit erheblich. Wir m\u00fcssen keine 4 Bewegungen ausf\u00fchren, um 4 separate Abstandshalter anzubringen, und mit einer Bewegung haben wir 4 Schlitze.<\/p>\n\n\n\n<figure class=\"wp-block-video\"><video controls src=\"https:\/\/ddgro.eu\/wp-content\/uploads\/2020\/11\/Cross-spacer-for-adjustable-pedestals-and-tiles.mp4\"><\/video><\/figure>\n\n\n\n<p>Es dient zur Montage interner Terrassenplatten.<\/p>\n\n\n\n<p>Der Nachteil des Kreuzes ist, dass wir es nicht am Rand der Terrasse benutzen werden. Dort ist es durch Zur\u00fcckziehen des Stelzlagers nicht m\u00f6glich, ein volles Kreuz zu verwenden. Es sollte ein einziger Fugenabst\u00e4nde verwendet werden.<\/p>\n\n\n\n<p>So k\u00f6nnen Sie selbst sehen, dass die Installation der Fugen Schmetterlinge unglaublich einfach, schnell und unterhaltsam ist.<\/p>\n\n\n\n<p>Eine kleine Sache und die Arbeit beschleunigt sich unvorstellbar.<\/p>\n\n\n\n<p>Ohne sie w\u00e4ren auch Intervalle nicht m\u00f6glich. Obwohl dies w\u00e4hrend der Montage erfolgen k\u00f6nnte, w\u00fcrden sich die Platten bewegen und gro\u00dfe Unebenheiten erzeugen.<\/p>\n\n\n\n\n\n<figure class=\"wp-block-gallery has-nested-images columns-default is-cropped wp-block-gallery-11 is-layout-flex wp-block-gallery-is-layout-flex\">\n<figure class=\"wp-block-image size-large\"><a href=\"https:\/\/ddgro.eu\/wp-content\/uploads\/2020\/11\/Der-Fugenabstand-zwischen-Betonplatten.jpg\"><img decoding=\"async\" width=\"600\" height=\"800\" data-id=\"39995\" src=\"https:\/\/ddgro.eu\/wp-content\/uploads\/2020\/11\/Der-Fugenabstand-zwischen-Betonplatten.jpg\" alt=\"\" class=\"wp-image-39995\" srcset=\"https:\/\/ddgro.eu\/wp-content\/uploads\/2020\/11\/Der-Fugenabstand-zwischen-Betonplatten.jpg 600w, https:\/\/ddgro.eu\/wp-content\/uploads\/2020\/11\/Der-Fugenabstand-zwischen-Betonplatten-225x300.jpg 225w\" sizes=\"(max-width: 600px) 100vw, 600px\" \/><\/a><\/figure>\n\n\n\n<figure class=\"wp-block-image size-large\"><a href=\"https:\/\/ddgro.eu\/wp-content\/uploads\/2020\/11\/Die-Fuge-zwischen-keramischen-Platten.jpg\"><img decoding=\"async\" width=\"800\" height=\"532\" data-id=\"39996\" src=\"https:\/\/ddgro.eu\/wp-content\/uploads\/2020\/11\/Die-Fuge-zwischen-keramischen-Platten.jpg\" alt=\"\" class=\"wp-image-39996\" srcset=\"https:\/\/ddgro.eu\/wp-content\/uploads\/2020\/11\/Die-Fuge-zwischen-keramischen-Platten.jpg 800w, https:\/\/ddgro.eu\/wp-content\/uploads\/2020\/11\/Die-Fuge-zwischen-keramischen-Platten-300x200.jpg 300w, https:\/\/ddgro.eu\/wp-content\/uploads\/2020\/11\/Die-Fuge-zwischen-keramischen-Platten-768x511.jpg 768w\" sizes=\"(max-width: 800px) 100vw, 800px\" \/><\/a><\/figure>\n<\/figure>\n\n\n\n<h2 class=\"wp-block-heading\"><strong>Dank der Fugen Schmetterlinge erhalten wir eine \u00e4sthetisch gestaltete Terrasse. Eine Terrasse mit den gleichen Slots.<\/strong><\/h2>\n\n\n\n<figure class=\"wp-block-gallery has-nested-images columns-default is-cropped wp-block-gallery-12 is-layout-flex wp-block-gallery-is-layout-flex\">\n<figure class=\"wp-block-image size-large\"><a href=\"https:\/\/ddgro.eu\/wp-content\/uploads\/2020\/11\/sogar-Fugen-auf-der-Terrasse.jpg\"><img decoding=\"async\" width=\"800\" height=\"389\" data-id=\"39991\" src=\"https:\/\/ddgro.eu\/wp-content\/uploads\/2020\/11\/sogar-Fugen-auf-der-Terrasse.jpg\" alt=\"\" class=\"wp-image-39991\" srcset=\"https:\/\/ddgro.eu\/wp-content\/uploads\/2020\/11\/sogar-Fugen-auf-der-Terrasse.jpg 800w, https:\/\/ddgro.eu\/wp-content\/uploads\/2020\/11\/sogar-Fugen-auf-der-Terrasse-300x146.jpg 300w, https:\/\/ddgro.eu\/wp-content\/uploads\/2020\/11\/sogar-Fugen-auf-der-Terrasse-768x373.jpg 768w\" sizes=\"(max-width: 800px) 100vw, 800px\" \/><\/a><\/figure>\n\n\n\n<figure class=\"wp-block-image size-large\"><a href=\"https:\/\/ddgro.eu\/wp-content\/uploads\/2020\/11\/Beluftete-Dachterrasse.jpg\"><img decoding=\"async\" width=\"800\" height=\"450\" data-id=\"39994\" src=\"https:\/\/ddgro.eu\/wp-content\/uploads\/2020\/11\/Beluftete-Dachterrasse.jpg\" alt=\"\" class=\"wp-image-39994\" srcset=\"https:\/\/ddgro.eu\/wp-content\/uploads\/2020\/11\/Beluftete-Dachterrasse.jpg 800w, https:\/\/ddgro.eu\/wp-content\/uploads\/2020\/11\/Beluftete-Dachterrasse-300x169.jpg 300w, https:\/\/ddgro.eu\/wp-content\/uploads\/2020\/11\/Beluftete-Dachterrasse-768x432.jpg 768w\" sizes=\"(max-width: 800px) 100vw, 800px\" \/><\/a><\/figure>\n<\/figure>\n\n\n\n<p>Kontaktieren Sie uns per E-Mail oder f\u00fcllen Sie das <a href=\"https:\/\/ddgro.eu\/de\/kontakt\/\" target=\"_blank\" rel=\"noreferrer noopener\">Kontaktformular <\/a>aus.<\/p>\n","protected":false},"excerpt":{"rendered":"<p>Wenn Sie eine bel\u00fcftete Terrasse bauen und sich fragen, welche Breite der Fuge auf der Terrasse Sie w\u00e4hlen sollen? Welche L\u00fccke wird angemessen sein? Hier finden Sie alle Antworten.<\/p>\n","protected":false},"author":10,"featured_media":39911,"comment_status":"closed","ping_status":"closed","sticky":false,"template":"","format":"standard","meta":{"_acf_changed":false,"footnotes":""},"categories":[288],"tags":[],"post_folder":[],"acf":[],"yoast_head":"<!-- This site is optimized with the Yoast SEO plugin v22.2 - https:\/\/yoast.com\/wordpress\/plugins\/seo\/ -->\n<title>W\u00e4hlen die richtige Breite der Fuge auf der Terrasse | DD Group<\/title>\n<meta name=\"description\" content=\"Erfahren Sie, wie Sie die richtige Breite der Fuge auf Ihrer Terrasse w\u00e4hlen. Tipps und Richtlinien f\u00fcr eine perfekte Verlegung und langlebige Terrassengestaltung.\" \/>\n<meta name=\"robots\" content=\"index, follow, max-snippet:-1, max-image-preview:large, max-video-preview:-1\" \/>\n<link rel=\"canonical\" href=\"https:\/\/ddgro.eu\/de\/blog\/wie-wahlt-man-die-richtige-breite-der-fuge-auf-der-terrasse\/\" \/>\n<meta property=\"og:locale\" content=\"de_DE\" \/>\n<meta property=\"og:type\" content=\"article\" \/>\n<meta property=\"og:title\" content=\"W\u00e4hlen die richtige Breite der Fuge auf der Terrasse | DD Group\" \/>\n<meta property=\"og:description\" content=\"Erfahren Sie, wie Sie die richtige Breite der Fuge auf Ihrer Terrasse w\u00e4hlen. Tipps und Richtlinien f\u00fcr eine perfekte Verlegung und langlebige Terrassengestaltung.\" \/>\n<meta property=\"og:url\" content=\"https:\/\/ddgro.eu\/de\/blog\/wie-wahlt-man-die-richtige-breite-der-fuge-auf-der-terrasse\/\" \/>\n<meta property=\"og:site_name\" content=\"DD GROUP\" \/>\n<meta property=\"article:publisher\" content=\"https:\/\/www.facebook.com\/ddpedestals\" \/>\n<meta property=\"article:published_time\" content=\"2020-11-04T12:25:28+00:00\" \/>\n<meta property=\"article:modified_time\" content=\"2024-06-10T08:45:18+00:00\" \/>\n<meta property=\"og:image\" content=\"https:\/\/ddgro.eu\/wp-content\/uploads\/2020\/10\/rowne-szczeliny-tarasowe.jpg\" \/>\n\t<meta property=\"og:image:width\" content=\"800\" \/>\n\t<meta property=\"og:image:height\" content=\"600\" \/>\n\t<meta property=\"og:image:type\" content=\"image\/jpeg\" \/>\n<meta name=\"author\" content=\"Aleksandra Pankowska\" \/>\n<meta name=\"twitter:label1\" content=\"Verfasst von\" \/>\n\t<meta name=\"twitter:data1\" content=\"Aleksandra Pankowska\" \/>\n\t<meta name=\"twitter:label2\" content=\"Gesch\u00e4tzte Lesezeit\" \/>\n\t<meta name=\"twitter:data2\" content=\"8 Minuten\" \/>\n<script type=\"application\/ld+json\" class=\"yoast-schema-graph\">{\"@context\":\"https:\/\/schema.org\",\"@graph\":[{\"@type\":\"Article\",\"@id\":\"https:\/\/ddgro.eu\/de\/blog\/wie-wahlt-man-die-richtige-breite-der-fuge-auf-der-terrasse\/#article\",\"isPartOf\":{\"@id\":\"https:\/\/ddgro.eu\/de\/blog\/wie-wahlt-man-die-richtige-breite-der-fuge-auf-der-terrasse\/\"},\"author\":{\"name\":\"Aleksandra Pankowska\",\"@id\":\"https:\/\/ddgro.eu\/de\/#\/schema\/person\/61c2f2d740eca427ceb27590540a60e1\"},\"headline\":\"Wie w\u00e4hlt man die richtige Breite der Fuge auf der Terrasse?\",\"datePublished\":\"2020-11-04T12:25:28+00:00\",\"dateModified\":\"2024-06-10T08:45:18+00:00\",\"mainEntityOfPage\":{\"@id\":\"https:\/\/ddgro.eu\/de\/blog\/wie-wahlt-man-die-richtige-breite-der-fuge-auf-der-terrasse\/\"},\"wordCount\":975,\"publisher\":{\"@id\":\"https:\/\/ddgro.eu\/de\/#organization\"},\"image\":{\"@id\":\"https:\/\/ddgro.eu\/de\/blog\/wie-wahlt-man-die-richtige-breite-der-fuge-auf-der-terrasse\/#primaryimage\"},\"thumbnailUrl\":\"https:\/\/ddgro.eu\/wp-content\/uploads\/2020\/10\/rowne-szczeliny-tarasowe.jpg\",\"articleSection\":[\"Produkte\"],\"inLanguage\":\"de-DE\"},{\"@type\":\"WebPage\",\"@id\":\"https:\/\/ddgro.eu\/de\/blog\/wie-wahlt-man-die-richtige-breite-der-fuge-auf-der-terrasse\/\",\"url\":\"https:\/\/ddgro.eu\/de\/blog\/wie-wahlt-man-die-richtige-breite-der-fuge-auf-der-terrasse\/\",\"name\":\"W\u00e4hlen die richtige Breite der Fuge auf der Terrasse | DD Group\",\"isPartOf\":{\"@id\":\"https:\/\/ddgro.eu\/de\/#website\"},\"primaryImageOfPage\":{\"@id\":\"https:\/\/ddgro.eu\/de\/blog\/wie-wahlt-man-die-richtige-breite-der-fuge-auf-der-terrasse\/#primaryimage\"},\"image\":{\"@id\":\"https:\/\/ddgro.eu\/de\/blog\/wie-wahlt-man-die-richtige-breite-der-fuge-auf-der-terrasse\/#primaryimage\"},\"thumbnailUrl\":\"https:\/\/ddgro.eu\/wp-content\/uploads\/2020\/10\/rowne-szczeliny-tarasowe.jpg\",\"datePublished\":\"2020-11-04T12:25:28+00:00\",\"dateModified\":\"2024-06-10T08:45:18+00:00\",\"description\":\"Erfahren Sie, wie Sie die richtige Breite der Fuge auf Ihrer Terrasse w\u00e4hlen. Tipps und Richtlinien f\u00fcr eine perfekte Verlegung und langlebige Terrassengestaltung.\",\"breadcrumb\":{\"@id\":\"https:\/\/ddgro.eu\/de\/blog\/wie-wahlt-man-die-richtige-breite-der-fuge-auf-der-terrasse\/#breadcrumb\"},\"inLanguage\":\"de-DE\",\"potentialAction\":[{\"@type\":\"ReadAction\",\"target\":[\"https:\/\/ddgro.eu\/de\/blog\/wie-wahlt-man-die-richtige-breite-der-fuge-auf-der-terrasse\/\"]}]},{\"@type\":\"ImageObject\",\"inLanguage\":\"de-DE\",\"@id\":\"https:\/\/ddgro.eu\/de\/blog\/wie-wahlt-man-die-richtige-breite-der-fuge-auf-der-terrasse\/#primaryimage\",\"url\":\"https:\/\/ddgro.eu\/wp-content\/uploads\/2020\/10\/rowne-szczeliny-tarasowe.jpg\",\"contentUrl\":\"https:\/\/ddgro.eu\/wp-content\/uploads\/2020\/10\/rowne-szczeliny-tarasowe.jpg\",\"width\":800,\"height\":600,\"caption\":\"fuga szczelina pomi\u0119dzy p\u0142ytami ceramicznymi 60x60\"},{\"@type\":\"BreadcrumbList\",\"@id\":\"https:\/\/ddgro.eu\/de\/blog\/wie-wahlt-man-die-richtige-breite-der-fuge-auf-der-terrasse\/#breadcrumb\",\"itemListElement\":[{\"@type\":\"ListItem\",\"position\":1,\"name\":\"Startseite\",\"item\":\"https:\/\/ddgro.eu\/de\/\"},{\"@type\":\"ListItem\",\"position\":2,\"name\":\"Wie w\u00e4hlt man die richtige Breite der Fuge auf der Terrasse?\"}]},{\"@type\":\"WebSite\",\"@id\":\"https:\/\/ddgro.eu\/de\/#website\",\"url\":\"https:\/\/ddgro.eu\/de\/\",\"name\":\"DD GROUP\",\"description\":\"\",\"publisher\":{\"@id\":\"https:\/\/ddgro.eu\/de\/#organization\"},\"potentialAction\":[{\"@type\":\"SearchAction\",\"target\":{\"@type\":\"EntryPoint\",\"urlTemplate\":\"https:\/\/ddgro.eu\/de\/?s={search_term_string}\"},\"query-input\":\"required name=search_term_string\"}],\"inLanguage\":\"de-DE\"},{\"@type\":\"Organization\",\"@id\":\"https:\/\/ddgro.eu\/de\/#organization\",\"name\":\"Deck-Dry Polska sp. z o.o.\",\"url\":\"https:\/\/ddgro.eu\/de\/\",\"logo\":{\"@type\":\"ImageObject\",\"inLanguage\":\"de-DE\",\"@id\":\"https:\/\/ddgro.eu\/de\/#\/schema\/logo\/image\/\",\"url\":\"https:\/\/ddgro.eu\/wp-content\/uploads\/2018\/05\/logo-nowe-dd.png\",\"contentUrl\":\"https:\/\/ddgro.eu\/wp-content\/uploads\/2018\/05\/logo-nowe-dd.png\",\"width\":\"343\",\"height\":\"72\",\"caption\":\"Deck-Dry Polska sp. z o.o.\"},\"image\":{\"@id\":\"https:\/\/ddgro.eu\/de\/#\/schema\/logo\/image\/\"},\"sameAs\":[\"https:\/\/www.facebook.com\/ddpedestals\",\"https:\/\/www.linkedin.com\/company\/dd-pedestals\/\",\"https:\/\/www.instagram.com\/ddpedestals\/\"]},{\"@type\":\"Person\",\"@id\":\"https:\/\/ddgro.eu\/de\/#\/schema\/person\/61c2f2d740eca427ceb27590540a60e1\",\"name\":\"Aleksandra Pankowska\",\"image\":{\"@type\":\"ImageObject\",\"inLanguage\":\"de-DE\",\"@id\":\"https:\/\/ddgro.eu\/de\/#\/schema\/person\/image\/\",\"url\":\"https:\/\/secure.gravatar.com\/avatar\/c345efba3a86983bb1a948d446acfbef?s=96&d=mm&r=g\",\"contentUrl\":\"https:\/\/secure.gravatar.com\/avatar\/c345efba3a86983bb1a948d446acfbef?s=96&d=mm&r=g\",\"caption\":\"Aleksandra Pankowska\"}}]}<\/script>\n<!-- \/ Yoast SEO plugin. -->","yoast_head_json":{"title":"W\u00e4hlen die richtige Breite der Fuge auf der Terrasse | DD Group","description":"Erfahren Sie, wie Sie die richtige Breite der Fuge auf Ihrer Terrasse w\u00e4hlen. Tipps und Richtlinien f\u00fcr eine perfekte Verlegung und langlebige Terrassengestaltung.","robots":{"index":"index","follow":"follow","max-snippet":"max-snippet:-1","max-image-preview":"max-image-preview:large","max-video-preview":"max-video-preview:-1"},"canonical":"https:\/\/ddgro.eu\/de\/blog\/wie-wahlt-man-die-richtige-breite-der-fuge-auf-der-terrasse\/","og_locale":"de_DE","og_type":"article","og_title":"W\u00e4hlen die richtige Breite der Fuge auf der Terrasse | DD Group","og_description":"Erfahren Sie, wie Sie die richtige Breite der Fuge auf Ihrer Terrasse w\u00e4hlen. Tipps und Richtlinien f\u00fcr eine perfekte Verlegung und langlebige Terrassengestaltung.","og_url":"https:\/\/ddgro.eu\/de\/blog\/wie-wahlt-man-die-richtige-breite-der-fuge-auf-der-terrasse\/","og_site_name":"DD GROUP","article_publisher":"https:\/\/www.facebook.com\/ddpedestals","article_published_time":"2020-11-04T12:25:28+00:00","article_modified_time":"2024-06-10T08:45:18+00:00","og_image":[{"width":800,"height":600,"url":"https:\/\/ddgro.eu\/wp-content\/uploads\/2020\/10\/rowne-szczeliny-tarasowe.jpg","type":"image\/jpeg"}],"author":"Aleksandra Pankowska","twitter_misc":{"Verfasst von":"Aleksandra Pankowska","Gesch\u00e4tzte Lesezeit":"8 Minuten"},"schema":{"@context":"https:\/\/schema.org","@graph":[{"@type":"Article","@id":"https:\/\/ddgro.eu\/de\/blog\/wie-wahlt-man-die-richtige-breite-der-fuge-auf-der-terrasse\/#article","isPartOf":{"@id":"https:\/\/ddgro.eu\/de\/blog\/wie-wahlt-man-die-richtige-breite-der-fuge-auf-der-terrasse\/"},"author":{"name":"Aleksandra Pankowska","@id":"https:\/\/ddgro.eu\/de\/#\/schema\/person\/61c2f2d740eca427ceb27590540a60e1"},"headline":"Wie w\u00e4hlt man die richtige Breite der Fuge auf der Terrasse?","datePublished":"2020-11-04T12:25:28+00:00","dateModified":"2024-06-10T08:45:18+00:00","mainEntityOfPage":{"@id":"https:\/\/ddgro.eu\/de\/blog\/wie-wahlt-man-die-richtige-breite-der-fuge-auf-der-terrasse\/"},"wordCount":975,"publisher":{"@id":"https:\/\/ddgro.eu\/de\/#organization"},"image":{"@id":"https:\/\/ddgro.eu\/de\/blog\/wie-wahlt-man-die-richtige-breite-der-fuge-auf-der-terrasse\/#primaryimage"},"thumbnailUrl":"https:\/\/ddgro.eu\/wp-content\/uploads\/2020\/10\/rowne-szczeliny-tarasowe.jpg","articleSection":["Produkte"],"inLanguage":"de-DE"},{"@type":"WebPage","@id":"https:\/\/ddgro.eu\/de\/blog\/wie-wahlt-man-die-richtige-breite-der-fuge-auf-der-terrasse\/","url":"https:\/\/ddgro.eu\/de\/blog\/wie-wahlt-man-die-richtige-breite-der-fuge-auf-der-terrasse\/","name":"W\u00e4hlen die richtige Breite der Fuge auf der Terrasse | DD Group","isPartOf":{"@id":"https:\/\/ddgro.eu\/de\/#website"},"primaryImageOfPage":{"@id":"https:\/\/ddgro.eu\/de\/blog\/wie-wahlt-man-die-richtige-breite-der-fuge-auf-der-terrasse\/#primaryimage"},"image":{"@id":"https:\/\/ddgro.eu\/de\/blog\/wie-wahlt-man-die-richtige-breite-der-fuge-auf-der-terrasse\/#primaryimage"},"thumbnailUrl":"https:\/\/ddgro.eu\/wp-content\/uploads\/2020\/10\/rowne-szczeliny-tarasowe.jpg","datePublished":"2020-11-04T12:25:28+00:00","dateModified":"2024-06-10T08:45:18+00:00","description":"Erfahren Sie, wie Sie die richtige Breite der Fuge auf Ihrer Terrasse w\u00e4hlen. Tipps und Richtlinien f\u00fcr eine perfekte Verlegung und langlebige Terrassengestaltung.","breadcrumb":{"@id":"https:\/\/ddgro.eu\/de\/blog\/wie-wahlt-man-die-richtige-breite-der-fuge-auf-der-terrasse\/#breadcrumb"},"inLanguage":"de-DE","potentialAction":[{"@type":"ReadAction","target":["https:\/\/ddgro.eu\/de\/blog\/wie-wahlt-man-die-richtige-breite-der-fuge-auf-der-terrasse\/"]}]},{"@type":"ImageObject","inLanguage":"de-DE","@id":"https:\/\/ddgro.eu\/de\/blog\/wie-wahlt-man-die-richtige-breite-der-fuge-auf-der-terrasse\/#primaryimage","url":"https:\/\/ddgro.eu\/wp-content\/uploads\/2020\/10\/rowne-szczeliny-tarasowe.jpg","contentUrl":"https:\/\/ddgro.eu\/wp-content\/uploads\/2020\/10\/rowne-szczeliny-tarasowe.jpg","width":800,"height":600,"caption":"fuga szczelina pomi\u0119dzy p\u0142ytami ceramicznymi 60x60"},{"@type":"BreadcrumbList","@id":"https:\/\/ddgro.eu\/de\/blog\/wie-wahlt-man-die-richtige-breite-der-fuge-auf-der-terrasse\/#breadcrumb","itemListElement":[{"@type":"ListItem","position":1,"name":"Startseite","item":"https:\/\/ddgro.eu\/de\/"},{"@type":"ListItem","position":2,"name":"Wie w\u00e4hlt man die richtige Breite der Fuge auf der Terrasse?"}]},{"@type":"WebSite","@id":"https:\/\/ddgro.eu\/de\/#website","url":"https:\/\/ddgro.eu\/de\/","name":"DD GROUP","description":"","publisher":{"@id":"https:\/\/ddgro.eu\/de\/#organization"},"potentialAction":[{"@type":"SearchAction","target":{"@type":"EntryPoint","urlTemplate":"https:\/\/ddgro.eu\/de\/?s={search_term_string}"},"query-input":"required name=search_term_string"}],"inLanguage":"de-DE"},{"@type":"Organization","@id":"https:\/\/ddgro.eu\/de\/#organization","name":"Deck-Dry Polska sp. z o.o.","url":"https:\/\/ddgro.eu\/de\/","logo":{"@type":"ImageObject","inLanguage":"de-DE","@id":"https:\/\/ddgro.eu\/de\/#\/schema\/logo\/image\/","url":"https:\/\/ddgro.eu\/wp-content\/uploads\/2018\/05\/logo-nowe-dd.png","contentUrl":"https:\/\/ddgro.eu\/wp-content\/uploads\/2018\/05\/logo-nowe-dd.png","width":"343","height":"72","caption":"Deck-Dry Polska sp. z o.o."},"image":{"@id":"https:\/\/ddgro.eu\/de\/#\/schema\/logo\/image\/"},"sameAs":["https:\/\/www.facebook.com\/ddpedestals","https:\/\/www.linkedin.com\/company\/dd-pedestals\/","https:\/\/www.instagram.com\/ddpedestals\/"]},{"@type":"Person","@id":"https:\/\/ddgro.eu\/de\/#\/schema\/person\/61c2f2d740eca427ceb27590540a60e1","name":"Aleksandra Pankowska","image":{"@type":"ImageObject","inLanguage":"de-DE","@id":"https:\/\/ddgro.eu\/de\/#\/schema\/person\/image\/","url":"https:\/\/secure.gravatar.com\/avatar\/c345efba3a86983bb1a948d446acfbef?s=96&d=mm&r=g","contentUrl":"https:\/\/secure.gravatar.com\/avatar\/c345efba3a86983bb1a948d446acfbef?s=96&d=mm&r=g","caption":"Aleksandra Pankowska"}}]}},"_links":{"self":[{"href":"https:\/\/ddgro.eu\/de\/wp-json\/wp\/v2\/posts\/39988"}],"collection":[{"href":"https:\/\/ddgro.eu\/de\/wp-json\/wp\/v2\/posts"}],"about":[{"href":"https:\/\/ddgro.eu\/de\/wp-json\/wp\/v2\/types\/post"}],"author":[{"embeddable":true,"href":"https:\/\/ddgro.eu\/de\/wp-json\/wp\/v2\/users\/10"}],"replies":[{"embeddable":true,"href":"https:\/\/ddgro.eu\/de\/wp-json\/wp\/v2\/comments?post=39988"}],"version-history":[{"count":3,"href":"https:\/\/ddgro.eu\/de\/wp-json\/wp\/v2\/posts\/39988\/revisions"}],"predecessor-version":[{"id":122706,"href":"https:\/\/ddgro.eu\/de\/wp-json\/wp\/v2\/posts\/39988\/revisions\/122706"}],"wp:featuredmedia":[{"embeddable":true,"href":"https:\/\/ddgro.eu\/de\/wp-json\/wp\/v2\/media\/39911"}],"wp:attachment":[{"href":"https:\/\/ddgro.eu\/de\/wp-json\/wp\/v2\/media?parent=39988"}],"wp:term":[{"taxonomy":"category","embeddable":true,"href":"https:\/\/ddgro.eu\/de\/wp-json\/wp\/v2\/categories?post=39988"},{"taxonomy":"post_tag","embeddable":true,"href":"https:\/\/ddgro.eu\/de\/wp-json\/wp\/v2\/tags?post=39988"},{"taxonomy":"post_folder","embeddable":true,"href":"https:\/\/ddgro.eu\/de\/wp-json\/wp\/v2\/post_folder?post=39988"}],"curies":[{"name":"wp","href":"https:\/\/api.w.org\/{rel}","templated":true}]}}